{"id":994,"date":"2018-06-26T09:46:03","date_gmt":"2018-06-26T07:46:03","guid":{"rendered":"http:\/\/anctovillesurboscq.fr\/?p=994"},"modified":"2018-06-26T11:52:03","modified_gmt":"2018-06-26T09:52:03","slug":"fete-des-voisins","status":"publish","type":"post","link":"https:\/\/anctovillesurboscq.fr\/?p=994","title":{"rendered":"Pique-Nique des voisins"},"content":{"rendered":"<p>Une cinquantaine de personnes ont particip\u00e9, dimanche 24 juin, \u00e0 la premi\u00e8re \u00e9dition de la f\u00eate des voisins organis\u00e9es par le CCAS d&rsquo;Anctoville-sur-Boscq dans la cour de la mairie.<\/p>\n<p>Cette journ\u00e9e ensoleill\u00e9e qui s&rsquo;est d\u00e9roul\u00e9e dans une ambiance joyeuse et conviviale, a \u00e9t\u00e9 l\u2019occasion de partager un repas tous ensemble et de faire connaissance.<\/p>\n<p>Une animation gonflable a \u00e9t\u00e9 mise en place pour les plus jeunes.<\/p>\n<div id=\"su_slider_69f3b86f2fdca\" class=\"su-slider su-slider-centered su-slider-pages-yes su-slider-responsive-yes su-lightbox-gallery\" style=\"width:100%\" data-autoplay=\"3000\" data-speed=\"600\" data-mousewheel=\"true\"><div class=\"su-slider-slides\"><div class=\"su-slider-slide\"><a href=\"https:\/\/anctovillesurboscq.fr\/wp-content\/uploads\/2018\/06\/image1.jpg\"  title=\"\"><img decoding=\"async\" src=\"https:\/\/anctovillesurboscq.fr\/wp-content\/uploads\/2018\/06\/image1-600x300.jpg\" alt=\"\" \/><\/a><\/div><div class=\"su-slider-slide\"><a href=\"https:\/\/anctovillesurboscq.fr\/wp-content\/uploads\/2018\/06\/002.jpg\"  title=\"\"><img decoding=\"async\" src=\"https:\/\/anctovillesurboscq.fr\/wp-content\/uploads\/2018\/06\/002-600x300.jpg\" alt=\"\" \/><\/a><\/div><div class=\"su-slider-slide\"><a href=\"https:\/\/anctovillesurboscq.fr\/wp-content\/uploads\/2018\/06\/image3.jpg\"  title=\"\"><img decoding=\"async\" src=\"https:\/\/anctovillesurboscq.fr\/wp-content\/uploads\/2018\/06\/image3-600x300.jpg\" alt=\"\" \/><\/a><\/div><div class=\"su-slider-slide\"><a href=\"https:\/\/anctovillesurboscq.fr\/wp-content\/uploads\/2018\/06\/P1000083.jpg\"  title=\"\"><img decoding=\"async\" src=\"https:\/\/anctovillesurboscq.fr\/wp-content\/uploads\/2018\/06\/P1000083-600x300.jpg\" alt=\"\" \/><\/a><\/div><div class=\"su-slider-slide\"><a href=\"https:\/\/anctovillesurboscq.fr\/wp-content\/uploads\/2018\/06\/P1000082.jpg\"  title=\"\"><img decoding=\"async\" src=\"https:\/\/anctovillesurboscq.fr\/wp-content\/uploads\/2018\/06\/P1000082-600x300.jpg\" alt=\"\" \/><\/a><\/div><div class=\"su-slider-slide\"><a href=\"https:\/\/anctovillesurboscq.fr\/wp-content\/uploads\/2018\/06\/P1000081.jpg\"  title=\"\"><img decoding=\"async\" src=\"https:\/\/anctovillesurboscq.fr\/wp-content\/uploads\/2018\/06\/P1000081-600x300.jpg\" alt=\"\" \/><\/a><\/div><div class=\"su-slider-slide\"><a href=\"https:\/\/anctovillesurboscq.fr\/wp-content\/uploads\/2018\/06\/P1000080.jpg\"  title=\"\"><img decoding=\"async\" src=\"https:\/\/anctovillesurboscq.fr\/wp-content\/uploads\/2018\/06\/P1000080-600x300.jpg\" alt=\"\" \/><\/a><\/div><div class=\"su-slider-slide\"><a href=\"https:\/\/anctovillesurboscq.fr\/wp-content\/uploads\/2018\/06\/P1000079.jpg\"  title=\"\"><img decoding=\"async\" src=\"https:\/\/anctovillesurboscq.fr\/wp-content\/uploads\/2018\/06\/P1000079-600x300.jpg\" alt=\"\" \/><\/a><\/div><div class=\"su-slider-slide\"><a href=\"https:\/\/anctovillesurboscq.fr\/wp-content\/uploads\/2018\/06\/P1000078.jpg\"  title=\"\"><img decoding=\"async\" src=\"https:\/\/anctovillesurboscq.fr\/wp-content\/uploads\/2018\/06\/P1000078-600x300.jpg\" alt=\"\" \/><\/a><\/div><div class=\"su-slider-slide\"><a href=\"https:\/\/anctovillesurboscq.fr\/wp-content\/uploads\/2018\/06\/P1000077.jpg\"  title=\"\"><img decoding=\"async\" src=\"https:\/\/anctovillesurboscq.fr\/wp-content\/uploads\/2018\/06\/P1000077-600x300.jpg\" alt=\"\" \/><\/a><\/div><\/div><div class=\"su-slider-nav\"><div class=\"su-slider-direction\"><span class=\"su-slider-prev\"><\/span><span class=\"su-slider-next\"><\/span><\/div><div class=\"su-slider-pagination\"><\/div><\/div><\/div>\n","protected":false},"excerpt":{"rendered":"<p>Une cinquantaine de personnes ont particip\u00e9, dimanche 24 juin, \u00e0 la premi\u00e8re \u00e9dition de la f\u00eate des voisins organis\u00e9es par le CCAS d&rsquo;Anctoville-sur-Boscq dans la cour de la mairie. Cette journ\u00e9e ensoleill\u00e9e qui s&rsquo;est&#46;&#46;&#46;<\/p>\n","protected":false},"author":2,"featured_media":991,"comment_status":"open","ping_status":"open","sticky":false,"template":"","format":"standard","meta":{"footnotes":""},"categories":[1],"tags":[],"class_list":["post-994","post","type-post","status-publish","format-standard","has-post-thumbnail","hentry","category-vie-commune"],"_links":{"self":[{"href":"https:\/\/anctovillesurboscq.fr\/index.php?rest_route=\/wp\/v2\/posts\/994"}],"collection":[{"href":"https:\/\/anctovillesurboscq.fr\/index.php?rest_route=\/wp\/v2\/posts"}],"about":[{"href":"https:\/\/anctovillesurboscq.fr\/index.php?rest_route=\/wp\/v2\/types\/post"}],"author":[{"embeddable":true,"href":"https:\/\/anctovillesurboscq.fr\/index.php?rest_route=\/wp\/v2\/users\/2"}],"replies":[{"embeddable":true,"href":"https:\/\/anctovillesurboscq.fr\/index.php?rest_route=%2Fwp%2Fv2%2Fcomments&post=994"}],"version-history":[{"count":0,"href":"https:\/\/anctovillesurboscq.fr\/index.php?rest_route=\/wp\/v2\/posts\/994\/revisions"}],"wp:featuredmedia":[{"embeddable":true,"href":"https:\/\/anctovillesurboscq.fr\/index.php?rest_route=\/wp\/v2\/media\/991"}],"wp:attachment":[{"href":"https:\/\/anctovillesurboscq.fr\/index.php?rest_route=%2Fwp%2Fv2%2Fmedia&parent=994"}],"wp:term":[{"taxonomy":"category","embeddable":true,"href":"https:\/\/anctovillesurboscq.fr\/index.php?rest_route=%2Fwp%2Fv2%2Fcategories&post=994"},{"taxonomy":"post_tag","embeddable":true,"href":"https:\/\/anctovillesurboscq.fr\/index.php?rest_route=%2Fwp%2Fv2%2Ftags&post=994"}],"curies":[{"name":"wp","href":"https:\/\/api.w.org\/{rel}","templated":true}]}}