{"id":8842,"date":"2025-11-10T10:02:23","date_gmt":"2025-11-10T09:02:23","guid":{"rendered":"https:\/\/anctovillesurboscq.fr\/?p=8842"},"modified":"2025-11-10T10:08:13","modified_gmt":"2025-11-10T09:08:13","slug":"inscription-sur-la-liste-electorale","status":"publish","type":"post","link":"https:\/\/anctovillesurboscq.fr\/?p=8842","title":{"rendered":"Inscription sur la liste \u00e9lectorale"},"content":{"rendered":"\t\t<div data-elementor-type=\"wp-post\" data-elementor-id=\"8842\" class=\"elementor elementor-8842\">\n\t\t\t\t\t\t<section class=\"elementor-section elementor-top-section elementor-element elementor-element-15ddd61 elementor-section-boxed elementor-section-height-default elementor-section-height-default\" data-id=\"15ddd61\" data-element_type=\"section\" data-e-type=\"section\">\n\t\t\t\t\t\t<div class=\"elementor-container elementor-column-gap-default\">\n\t\t\t\t\t<div class=\"elementor-column elementor-col-100 elementor-top-column elementor-element elementor-element-b2f11e4\" data-id=\"b2f11e4\" data-element_type=\"column\" data-e-type=\"column\">\n\t\t\t<div class=\"elementor-widget-wrap elementor-element-populated\">\n\t\t\t\t\t\t<div class=\"elementor-element elementor-element-8020160 elementor-widget elementor-widget-text-editor\" data-id=\"8020160\" data-element_type=\"widget\" data-e-type=\"widget\" data-widget_type=\"text-editor.default\">\n\t\t\t\t<div class=\"elementor-widget-container\">\n\t\t\t\t\t\t\t\t\t<h3><strong>Dates des \u00e9lections municipales 2026<\/strong><\/h3><ul><li>Premier tour : <strong>15 mars 2026<\/strong><\/li><li>Deuxi\u00e8me tour : <strong>22 mars 2026<\/strong><\/li><\/ul>\t\t\t\t\t\t\t\t<\/div>\n\t\t\t\t<\/div>\n\t\t\t\t\t<\/div>\n\t\t<\/div>\n\t\t\t\t\t<\/div>\n\t\t<\/section>\n\t\t\t\t<section class=\"elementor-section elementor-top-section elementor-element elementor-element-0c565e1 elementor-section-boxed elementor-section-height-default elementor-section-height-default\" data-id=\"0c565e1\" data-element_type=\"section\" data-e-type=\"section\">\n\t\t\t\t\t\t<div class=\"elementor-container elementor-column-gap-default\">\n\t\t\t\t\t<div class=\"elementor-column elementor-col-100 elementor-top-column elementor-element elementor-element-cd8c8a8\" data-id=\"cd8c8a8\" data-element_type=\"column\" data-e-type=\"column\">\n\t\t\t<div class=\"elementor-widget-wrap elementor-element-populated\">\n\t\t\t\t\t\t<div class=\"elementor-element elementor-element-f09a37d elementor-widget elementor-widget-text-editor\" data-id=\"f09a37d\" data-element_type=\"widget\" data-e-type=\"widget\" data-widget_type=\"text-editor.default\">\n\t\t\t\t<div class=\"elementor-widget-container\">\n\t\t\t\t\t\t\t\t\t<h3><strong>Qui peut voter aux municipales ?<\/strong><\/h3><p>Pour voter aux \u00e9lections municipales de mars 2026, il faut :<\/p><ul><li>\u00eatre \u00e2g\u00e9 d\u2019<strong>au moins 18 ans<\/strong>,<\/li><li>\u00eatre de <strong>nationalit\u00e9 fran\u00e7aise<\/strong>, ou <strong>ressortissant\u00b7e<\/strong> d\u2019un autre \u00c9tat membre de l\u2019Union europ\u00e9enne r\u00e9sidant en France,<\/li><li>\u00eatre inscrit\u00b7e sur les <strong>listes \u00e9lectorales<\/strong> de la commune.<\/li><\/ul>\t\t\t\t\t\t\t\t<\/div>\n\t\t\t\t<\/div>\n\t\t\t\t\t<\/div>\n\t\t<\/div>\n\t\t\t\t\t<\/div>\n\t\t<\/section>\n\t\t\t\t<section class=\"elementor-section elementor-top-section elementor-element elementor-element-a63490b elementor-section-boxed elementor-section-height-default elementor-section-height-default\" data-id=\"a63490b\" data-element_type=\"section\" data-e-type=\"section\">\n\t\t\t\t\t\t<div class=\"elementor-container elementor-column-gap-default\">\n\t\t\t\t\t<div class=\"elementor-column elementor-col-100 elementor-top-column elementor-element elementor-element-2699a2e\" data-id=\"2699a2e\" data-element_type=\"column\" data-e-type=\"column\">\n\t\t\t<div class=\"elementor-widget-wrap elementor-element-populated\">\n\t\t\t\t\t\t<div class=\"elementor-element elementor-element-16591a9 elementor-widget elementor-widget-text-editor\" data-id=\"16591a9\" data-element_type=\"widget\" data-e-type=\"widget\" data-widget_type=\"text-editor.default\">\n\t\t\t\t<div class=\"elementor-widget-container\">\n\t\t\t\t\t\t\t\t\t<p>Pour vous inscrire sur les listes \u00e9lectorales, vous pouvez effectuer la d\u00e9marche en ligne sur <strong><a href=\"https:\/\/www.service-public.gouv.fr\/particuliers\/vosdroits\/F1367\">Service-Public.fr<\/a><\/strong>, en mairie ou par courrier en joignant un justificatif d\u2019identit\u00e9 et un justificatif de domicile de moins de trois mois.<\/p>\t\t\t\t\t\t\t\t<\/div>\n\t\t\t\t<\/div>\n\t\t\t\t\t<\/div>\n\t\t<\/div>\n\t\t\t\t\t<\/div>\n\t\t<\/section>\n\t\t\t\t<section class=\"elementor-section elementor-top-section elementor-element elementor-element-cb269e3 elementor-section-boxed elementor-section-height-default elementor-section-height-default\" data-id=\"cb269e3\" data-element_type=\"section\" data-e-type=\"section\">\n\t\t\t\t\t\t<div class=\"elementor-container elementor-column-gap-default\">\n\t\t\t\t\t<div class=\"elementor-column elementor-col-100 elementor-top-column elementor-element elementor-element-caff822\" data-id=\"caff822\" data-element_type=\"column\" data-e-type=\"column\">\n\t\t\t<div class=\"elementor-widget-wrap elementor-element-populated\">\n\t\t\t\t\t\t<div class=\"elementor-element elementor-element-2edef60 elementor-widget elementor-widget-text-editor\" data-id=\"2edef60\" data-element_type=\"widget\" data-e-type=\"widget\" data-widget_type=\"text-editor.default\">\n\t\t\t\t<div class=\"elementor-widget-container\">\n\t\t\t\t\t\t\t\t\t<h3><strong>Pas s\u00fbr d\u2019\u00eatre inscrit ?<\/strong><\/h3><p>L\u2019inscription se v\u00e9rifie facilement en ligne sur <a href=\"https:\/\/www.service-public.gouv.fr\/particuliers\/vosdroits\/R51788\" target=\"_blank\" rel=\"noopener\">Service-Public.fr<\/a>, en cas de d\u00e9m\u00e9nagement ou de changement d\u2019\u00e9tat civil, il vous faudra mettre votre situation avant le 6 f\u00e9vrier 2026 pour pouvoir voter dans votre commune pour les \u00e9lections de mars 2026.<\/p>\t\t\t\t\t\t\t\t<\/div>\n\t\t\t\t<\/div>\n\t\t\t\t\t<\/div>\n\t\t<\/div>\n\t\t\t\t\t<\/div>\n\t\t<\/section>\n\t\t\t\t<section class=\"elementor-section elementor-top-section elementor-element elementor-element-007130e elementor-section-boxed elementor-section-height-default elementor-section-height-default\" data-id=\"007130e\" data-element_type=\"section\" data-e-type=\"section\">\n\t\t\t\t\t\t<div class=\"elementor-container elementor-column-gap-default\">\n\t\t\t\t\t<div class=\"elementor-column elementor-col-100 elementor-top-column elementor-element elementor-element-ecb60ef\" data-id=\"ecb60ef\" data-element_type=\"column\" data-e-type=\"column\">\n\t\t\t<div class=\"elementor-widget-wrap elementor-element-populated\">\n\t\t\t\t\t\t<div class=\"elementor-element elementor-element-3587cf0 elementor-widget elementor-widget-image\" data-id=\"3587cf0\" data-element_type=\"widget\" data-e-type=\"widget\" data-widget_type=\"image.default\">\n\t\t\t\t<div class=\"elementor-widget-container\">\n\t\t\t\t\t\t\t\t\t\t\t\t\t\t\t<img fetchpriority=\"high\" decoding=\"async\" width=\"581\" height=\"843\" src=\"https:\/\/anctovillesurboscq.fr\/wp-content\/uploads\/2025\/11\/inscription-elections.jpg\" class=\"attachment-large size-large wp-image-8846\" alt=\"\" srcset=\"https:\/\/anctovillesurboscq.fr\/wp-content\/uploads\/2025\/11\/inscription-elections.jpg 581w, https:\/\/anctovillesurboscq.fr\/wp-content\/uploads\/2025\/11\/inscription-elections-207x300.jpg 207w\" sizes=\"(max-width: 581px) 100vw, 581px\" \/>\t\t\t\t\t\t\t\t\t\t\t\t\t\t\t<\/div>\n\t\t\t\t<\/div>\n\t\t\t\t\t<\/div>\n\t\t<\/div>\n\t\t\t\t\t<\/div>\n\t\t<\/section>\n\t\t\t\t<\/div>\n\t\t","protected":false},"excerpt":{"rendered":"<p>Dates des \u00e9lections municipales 2026 Premier tour : 15 mars 2026 Deuxi\u00e8me tour : 22 mars 2026 Qui peut voter aux municipales ? Pour voter aux \u00e9lections municipales de mars 2026, il faut :&#46;&#46;&#46;<\/p>\n","protected":false},"author":2,"featured_media":8843,"comment_status":"open","ping_status":"open","sticky":false,"template":"","format":"standard","meta":{"footnotes":""},"categories":[13],"tags":[],"class_list":["post-8842","post","type-post","status-publish","format-standard","has-post-thumbnail","hentry","category-elections"],"_links":{"self":[{"href":"https:\/\/anctovillesurboscq.fr\/index.php?rest_route=\/wp\/v2\/posts\/8842"}],"collection":[{"href":"https:\/\/anctovillesurboscq.fr\/index.php?rest_route=\/wp\/v2\/posts"}],"about":[{"href":"https:\/\/anctovillesurboscq.fr\/index.php?rest_route=\/wp\/v2\/types\/post"}],"author":[{"embeddable":true,"href":"https:\/\/anctovillesurboscq.fr\/index.php?rest_route=\/wp\/v2\/users\/2"}],"replies":[{"embeddable":true,"href":"https:\/\/anctovillesurboscq.fr\/index.php?rest_route=%2Fwp%2Fv2%2Fcomments&post=8842"}],"version-history":[{"count":0,"href":"https:\/\/anctovillesurboscq.fr\/index.php?rest_route=\/wp\/v2\/posts\/8842\/revisions"}],"wp:featuredmedia":[{"embeddable":true,"href":"https:\/\/anctovillesurboscq.fr\/index.php?rest_route=\/wp\/v2\/media\/8843"}],"wp:attachment":[{"href":"https:\/\/anctovillesurboscq.fr\/index.php?rest_route=%2Fwp%2Fv2%2Fmedia&parent=8842"}],"wp:term":[{"taxonomy":"category","embeddable":true,"href":"https:\/\/anctovillesurboscq.fr\/index.php?rest_route=%2Fwp%2Fv2%2Fcategories&post=8842"},{"taxonomy":"post_tag","embeddable":true,"href":"https:\/\/anctovillesurboscq.fr\/index.php?rest_route=%2Fwp%2Fv2%2Ftags&post=8842"}],"curies":[{"name":"wp","href":"https:\/\/api.w.org\/{rel}","templated":true}]}}