{"id":8389,"date":"2025-06-18T14:59:15","date_gmt":"2025-06-18T12:59:15","guid":{"rendered":"https:\/\/anctovillesurboscq.fr\/?p=8389"},"modified":"2025-06-18T15:10:23","modified_gmt":"2025-06-18T13:10:23","slug":"axe-granville-avranches","status":"publish","type":"post","link":"https:\/\/anctovillesurboscq.fr\/?p=8389","title":{"rendered":"Axe Granville &#8211; Avranches"},"content":{"rendered":"\t\t<div data-elementor-type=\"wp-post\" data-elementor-id=\"8389\" class=\"elementor elementor-8389\">\n\t\t\t\t\t\t<section class=\"elementor-section elementor-top-section elementor-element elementor-element-dd072a1 elementor-section-boxed elementor-section-height-default elementor-section-height-default\" data-id=\"dd072a1\" data-element_type=\"section\" data-e-type=\"section\">\n\t\t\t\t\t\t<div class=\"elementor-container elementor-column-gap-default\">\n\t\t\t\t\t<div class=\"elementor-column elementor-col-100 elementor-top-column elementor-element elementor-element-c6e7764\" data-id=\"c6e7764\" data-element_type=\"column\" data-e-type=\"column\">\n\t\t\t<div class=\"elementor-widget-wrap elementor-element-populated\">\n\t\t\t\t\t\t<div class=\"elementor-element elementor-element-cee698b elementor-widget elementor-widget-text-editor\" data-id=\"cee698b\" data-element_type=\"widget\" data-e-type=\"widget\" data-widget_type=\"text-editor.default\">\n\t\t\t\t<div class=\"elementor-widget-container\">\n\t\t\t\t\t\t\t\t\t<p>Une concertation publique pour imaginer ensemble la route de demain<\/p><p>Le D\u00e9partement de la Manche, avec le soutien de la R\u00e9gion Normandie, lance une concertation publique du <strong>23 juin au 22 septembre 2025<\/strong> dans le cadre du projet de modernisation de l\u2019axe Granville-Avranches et de la RD973. Cette initiative vise \u00e0 construire ensemble un avenir routier plus fluide, plus s\u00fbr et mieux connect\u00e9 pour notre territoire.<\/p>\t\t\t\t\t\t\t\t<\/div>\n\t\t\t\t<\/div>\n\t\t\t\t\t<\/div>\n\t\t<\/div>\n\t\t\t\t\t<\/div>\n\t\t<\/section>\n\t\t\t\t<section class=\"elementor-section elementor-top-section elementor-element elementor-element-6140c88 elementor-section-boxed elementor-section-height-default elementor-section-height-default\" data-id=\"6140c88\" data-element_type=\"section\" data-e-type=\"section\">\n\t\t\t\t\t\t<div class=\"elementor-container elementor-column-gap-default\">\n\t\t\t\t\t<div class=\"elementor-column elementor-col-100 elementor-top-column elementor-element elementor-element-f25b485\" data-id=\"f25b485\" data-element_type=\"column\" data-e-type=\"column\">\n\t\t\t<div class=\"elementor-widget-wrap elementor-element-populated\">\n\t\t\t\t\t\t<div class=\"elementor-element elementor-element-8c52118 elementor-widget elementor-widget-text-editor\" data-id=\"8c52118\" data-element_type=\"widget\" data-e-type=\"widget\" data-widget_type=\"text-editor.default\">\n\t\t\t\t<div class=\"elementor-widget-container\">\n\t\t\t\t\t\t\t\t\t<p><strong>\ud83c\udfaf Les objectifs du projet<\/strong><\/p><p>Ce projet d\u2019envergure r\u00e9pond \u00e0 plusieurs priorit\u00e9s :<\/p><ul><li><strong>Fluidifier et s\u00e9curiser la circulation<\/strong> sur cet axe structurant du sud-Manche ;<\/li><li><strong>Renforcer la s\u00e9curit\u00e9 routi\u00e8re<\/strong>, notamment dans les secteurs sensibles comme celui de la Zone d\u2019Activit\u00e9s du Croissant ;<\/li><li><strong>Am\u00e9liorer les liaisons<\/strong> entre les zones d\u2019emplois, les \u00e9quipements publics et les bassins de vie ;<\/li><li><strong>Concilier d\u00e9veloppement territorial et pr\u00e9servation de l\u2019environnement<\/strong>, en int\u00e9grant les enjeux \u00e9cologiques d\u00e8s la conception.<\/li><\/ul>\t\t\t\t\t\t\t\t<\/div>\n\t\t\t\t<\/div>\n\t\t\t\t\t<\/div>\n\t\t<\/div>\n\t\t\t\t\t<\/div>\n\t\t<\/section>\n\t\t\t\t<section class=\"elementor-section elementor-top-section elementor-element elementor-element-7cb517a elementor-section-boxed elementor-section-height-default elementor-section-height-default\" data-id=\"7cb517a\" data-element_type=\"section\" data-e-type=\"section\">\n\t\t\t\t\t\t<div class=\"elementor-container elementor-column-gap-default\">\n\t\t\t\t\t<div class=\"elementor-column elementor-col-100 elementor-top-column elementor-element elementor-element-389c5f9\" data-id=\"389c5f9\" data-element_type=\"column\" data-e-type=\"column\">\n\t\t\t<div class=\"elementor-widget-wrap elementor-element-populated\">\n\t\t\t\t\t\t<div class=\"elementor-element elementor-element-581b22f elementor-widget elementor-widget-text-editor\" data-id=\"581b22f\" data-element_type=\"widget\" data-e-type=\"widget\" data-widget_type=\"text-editor.default\">\n\t\t\t\t<div class=\"elementor-widget-container\">\n\t\t\t\t\t\t\t\t\t<p><strong>\ud83d\udcc5 Un calendrier rythm\u00e9 par la participation citoyenne<\/strong><\/p><p>Afin de permettre \u00e0 tous les habitants de s\u2019informer et de donner leur avis, le D\u00e9partement organise <strong>4 r\u00e9unions publiques<\/strong> et <strong>8 permanences en mairie<\/strong> tout au long de la concertation :<\/p><p><strong>R\u00e9unions publiques :<\/strong><\/p><ul><li><strong>24 juin \u00e0 Avranches<\/strong>, salle Victor Hugo (19h30-22h)<\/li><li><strong>3 juillet \u00e0 Granville<\/strong>, salle multisports de la Cit\u00e9 des Sports (19h30-22h)<\/li><li><strong>9 septembre \u00e0 Folligny<\/strong>, salle des f\u00eates du Carrefour Bailly (19h30-22h)<\/li><li><strong>18 septembre \u00e0 Sartilly-Baie-Bocage<\/strong>, salle culturelle de l\u2019\u00c9toile (19h30-22h)<\/li><\/ul><p><strong>Permanences en mairie :<\/strong><\/p><ul><li><strong>2 juillet<\/strong> : Bacilly (10h-12h) \/ Lolif (14h-16h)<\/li><li><strong>7 juillet<\/strong> : Marcey-les-Gr\u00e8ves (9h30-12h) \/ Saint-Pair-sur-Mer (13h30-17h)<\/li><li><strong>4 septembre<\/strong> : Saint-Planchers (14h-16h30) \/ Saint-Aubin-des-Pr\u00e9aux (17h-19h)<\/li><li><strong>12 septembre<\/strong> : Saint-Pierre-Langers (9h30-12h) \/ Sartilly-Baie-Bocage (14h-17h)<\/li><\/ul>\t\t\t\t\t\t\t\t<\/div>\n\t\t\t\t<\/div>\n\t\t\t\t\t<\/div>\n\t\t<\/div>\n\t\t\t\t\t<\/div>\n\t\t<\/section>\n\t\t\t\t<section class=\"elementor-section elementor-top-section elementor-element elementor-element-834eb2c elementor-section-boxed elementor-section-height-default elementor-section-height-default\" data-id=\"834eb2c\" data-element_type=\"section\" data-e-type=\"section\">\n\t\t\t\t\t\t<div class=\"elementor-container elementor-column-gap-default\">\n\t\t\t\t\t<div class=\"elementor-column elementor-col-100 elementor-top-column elementor-element elementor-element-1ccc7f8\" data-id=\"1ccc7f8\" data-element_type=\"column\" data-e-type=\"column\">\n\t\t\t<div class=\"elementor-widget-wrap elementor-element-populated\">\n\t\t\t\t\t\t<div class=\"elementor-element elementor-element-3567634 elementor-widget elementor-widget-text-editor\" data-id=\"3567634\" data-element_type=\"widget\" data-e-type=\"widget\" data-widget_type=\"text-editor.default\">\n\t\t\t\t<div class=\"elementor-widget-container\">\n\t\t\t\t\t\t\t\t\t<p>\ud83d\udc49 Donnez votre avis en ligne sur : <a href=\"https:\/\/concertation-granvilleavranches.fr\"><strong>concertation-granvilleavranches.fr<\/strong><\/a><\/p>\t\t\t\t\t\t\t\t<\/div>\n\t\t\t\t<\/div>\n\t\t\t\t\t<\/div>\n\t\t<\/div>\n\t\t\t\t\t<\/div>\n\t\t<\/section>\n\t\t\t\t<section class=\"elementor-section elementor-top-section elementor-element elementor-element-e30cff1 elementor-section-boxed elementor-section-height-default elementor-section-height-default\" data-id=\"e30cff1\" data-element_type=\"section\" data-e-type=\"section\">\n\t\t\t\t\t\t<div class=\"elementor-container elementor-column-gap-default\">\n\t\t\t\t\t<div class=\"elementor-column elementor-col-100 elementor-top-column elementor-element elementor-element-6065bf6\" data-id=\"6065bf6\" data-element_type=\"column\" data-e-type=\"column\">\n\t\t\t<div class=\"elementor-widget-wrap elementor-element-populated\">\n\t\t\t\t\t\t<div class=\"elementor-element elementor-element-2f49dc1 elementor-widget elementor-widget-text-editor\" data-id=\"2f49dc1\" data-element_type=\"widget\" data-e-type=\"widget\" data-widget_type=\"text-editor.default\">\n\t\t\t\t<div class=\"elementor-widget-container\">\n\t\t\t\t\t\t\t\t\t<p style=\"text-align: center;\"><strong>Cl\u00f4ture de la concertation : 22 septembre 2025<\/strong><\/p>\t\t\t\t\t\t\t\t<\/div>\n\t\t\t\t<\/div>\n\t\t\t\t\t<\/div>\n\t\t<\/div>\n\t\t\t\t\t<\/div>\n\t\t<\/section>\n\t\t\t\t<section class=\"elementor-section elementor-top-section elementor-element elementor-element-2529b98 elementor-section-boxed elementor-section-height-default elementor-section-height-default\" data-id=\"2529b98\" data-element_type=\"section\" data-e-type=\"section\">\n\t\t\t\t\t\t<div class=\"elementor-container elementor-column-gap-default\">\n\t\t\t\t\t<div class=\"elementor-column elementor-col-100 elementor-top-column elementor-element elementor-element-67a039a\" data-id=\"67a039a\" data-element_type=\"column\" data-e-type=\"column\">\n\t\t\t<div class=\"elementor-widget-wrap elementor-element-populated\">\n\t\t\t\t\t\t<div class=\"elementor-element elementor-element-fe1ee85 elementor-widget elementor-widget-image\" data-id=\"fe1ee85\" data-element_type=\"widget\" data-e-type=\"widget\" data-widget_type=\"image.default\">\n\t\t\t\t<div class=\"elementor-widget-container\">\n\t\t\t\t\t\t\t\t\t\t\t\t\t\t\t\t<a href=\"https:\/\/anctovillesurboscq.fr\/wp-content\/uploads\/2025\/06\/informez-vous-et-participez.pdf\" target=\"_blank\">\n\t\t\t\t\t\t\t<img fetchpriority=\"high\" decoding=\"async\" width=\"583\" height=\"814\" src=\"https:\/\/anctovillesurboscq.fr\/wp-content\/uploads\/2025\/06\/projet-granville-avranches.jpg\" class=\"attachment-large size-large wp-image-8397\" alt=\"\" srcset=\"https:\/\/anctovillesurboscq.fr\/wp-content\/uploads\/2025\/06\/projet-granville-avranches.jpg 583w, https:\/\/anctovillesurboscq.fr\/wp-content\/uploads\/2025\/06\/projet-granville-avranches-215x300.jpg 215w\" sizes=\"(max-width: 583px) 100vw, 583px\" \/>\t\t\t\t\t\t\t\t<\/a>\n\t\t\t\t\t\t\t\t\t\t\t\t\t\t\t<\/div>\n\t\t\t\t<\/div>\n\t\t\t\t\t<\/div>\n\t\t<\/div>\n\t\t\t\t\t<\/div>\n\t\t<\/section>\n\t\t\t\t<\/div>\n\t\t","protected":false},"excerpt":{"rendered":"<p>Une concertation publique pour imaginer ensemble la route de demain Le D\u00e9partement de la Manche, avec le soutien de la R\u00e9gion Normandie, lance une concertation publique du 23 juin au 22 septembre 2025 dans&#46;&#46;&#46;<\/p>\n","protected":false},"author":2,"featured_media":8391,"comment_status":"open","ping_status":"open","sticky":false,"template":"","format":"standard","meta":{"footnotes":""},"categories":[1],"tags":[],"class_list":["post-8389","post","type-post","status-publish","format-standard","has-post-thumbnail","hentry","category-vie-commune"],"_links":{"self":[{"href":"https:\/\/anctovillesurboscq.fr\/index.php?rest_route=\/wp\/v2\/posts\/8389"}],"collection":[{"href":"https:\/\/anctovillesurboscq.fr\/index.php?rest_route=\/wp\/v2\/posts"}],"about":[{"href":"https:\/\/anctovillesurboscq.fr\/index.php?rest_route=\/wp\/v2\/types\/post"}],"author":[{"embeddable":true,"href":"https:\/\/anctovillesurboscq.fr\/index.php?rest_route=\/wp\/v2\/users\/2"}],"replies":[{"embeddable":true,"href":"https:\/\/anctovillesurboscq.fr\/index.php?rest_route=%2Fwp%2Fv2%2Fcomments&post=8389"}],"version-history":[{"count":0,"href":"https:\/\/anctovillesurboscq.fr\/index.php?rest_route=\/wp\/v2\/posts\/8389\/revisions"}],"wp:featuredmedia":[{"embeddable":true,"href":"https:\/\/anctovillesurboscq.fr\/index.php?rest_route=\/wp\/v2\/media\/8391"}],"wp:attachment":[{"href":"https:\/\/anctovillesurboscq.fr\/index.php?rest_route=%2Fwp%2Fv2%2Fmedia&parent=8389"}],"wp:term":[{"taxonomy":"category","embeddable":true,"href":"https:\/\/anctovillesurboscq.fr\/index.php?rest_route=%2Fwp%2Fv2%2Fcategories&post=8389"},{"taxonomy":"post_tag","embeddable":true,"href":"https:\/\/anctovillesurboscq.fr\/index.php?rest_route=%2Fwp%2Fv2%2Ftags&post=8389"}],"curies":[{"name":"wp","href":"https:\/\/api.w.org\/{rel}","templated":true}]}}