{"id":8342,"date":"2025-05-16T13:39:55","date_gmt":"2025-05-16T11:39:55","guid":{"rendered":"https:\/\/anctovillesurboscq.fr\/?p=8342"},"modified":"2025-05-16T13:53:28","modified_gmt":"2025-05-16T11:53:28","slug":"operation-plantation-2025","status":"publish","type":"post","link":"https:\/\/anctovillesurboscq.fr\/?p=8342","title":{"rendered":"Op\u00e9ration plantation 2025"},"content":{"rendered":"\t\t<div data-elementor-type=\"wp-post\" data-elementor-id=\"8342\" class=\"elementor elementor-8342\">\n\t\t\t\t\t\t<section class=\"elementor-section elementor-top-section elementor-element elementor-element-0ea85af elementor-section-boxed elementor-section-height-default elementor-section-height-default\" data-id=\"0ea85af\" data-element_type=\"section\" data-e-type=\"section\">\n\t\t\t\t\t\t<div class=\"elementor-container elementor-column-gap-default\">\n\t\t\t\t\t<div class=\"elementor-column elementor-col-100 elementor-top-column elementor-element elementor-element-663e853\" data-id=\"663e853\" data-element_type=\"column\" data-e-type=\"column\">\n\t\t\t<div class=\"elementor-widget-wrap elementor-element-populated\">\n\t\t\t\t\t\t<div class=\"elementor-element elementor-element-f18f53d elementor-widget elementor-widget-heading\" data-id=\"f18f53d\" data-element_type=\"widget\" data-e-type=\"widget\" data-widget_type=\"heading.default\">\n\t\t\t\t<div class=\"elementor-widget-container\">\n\t\t\t\t\t<h6 class=\"elementor-heading-title elementor-size-default\">Un geste pour le bocage, un engagement pour la biodiversit\u00e9<\/h6>\t\t\t\t<\/div>\n\t\t\t\t<\/div>\n\t\t\t\t\t<\/div>\n\t\t<\/div>\n\t\t\t\t\t<\/div>\n\t\t<\/section>\n\t\t\t\t<section class=\"elementor-section elementor-top-section elementor-element elementor-element-ec980bd elementor-section-boxed elementor-section-height-default elementor-section-height-default\" data-id=\"ec980bd\" data-element_type=\"section\" data-e-type=\"section\">\n\t\t\t\t\t\t<div class=\"elementor-container elementor-column-gap-default\">\n\t\t\t\t\t<div class=\"elementor-column elementor-col-100 elementor-top-column elementor-element elementor-element-c2a33fb\" data-id=\"c2a33fb\" data-element_type=\"column\" data-e-type=\"column\">\n\t\t\t<div class=\"elementor-widget-wrap elementor-element-populated\">\n\t\t\t\t\t\t<div class=\"elementor-element elementor-element-99248fa elementor-widget elementor-widget-text-editor\" data-id=\"99248fa\" data-element_type=\"widget\" data-e-type=\"widget\" data-widget_type=\"text-editor.default\">\n\t\t\t\t<div class=\"elementor-widget-container\">\n\t\t\t\t\t\t\t\t\t<p>L\u2019objectif est clair : pr\u00e9server et renforcer les paysages bocagers de la Manche. Chaque participant peut commander un minimum de 20 jeunes plants d\u2019essences locales (en multiples de 5), livr\u00e9s avec du paillage et des protections pour favoriser leur reprise.<\/p><p>Parmi les essences propos\u00e9es : ch\u00eane sessile, charme, h\u00eatre, merisier, noisetier, \u00e9rable champ\u00eatre, viorne obier, prunier myrobolan\u2026 autant d\u2019esp\u00e8ces parfaitement adapt\u00e9es \u00e0 notre environnement et b\u00e9n\u00e9fiques pour la faune locale.<\/p>\t\t\t\t\t\t\t\t<\/div>\n\t\t\t\t<\/div>\n\t\t\t\t\t<\/div>\n\t\t<\/div>\n\t\t\t\t\t<\/div>\n\t\t<\/section>\n\t\t\t\t<section class=\"elementor-section elementor-top-section elementor-element elementor-element-3f34cfb elementor-section-boxed elementor-section-height-default elementor-section-height-default\" data-id=\"3f34cfb\" data-element_type=\"section\" data-e-type=\"section\">\n\t\t\t\t\t\t<div class=\"elementor-container elementor-column-gap-default\">\n\t\t\t\t\t<div class=\"elementor-column elementor-col-100 elementor-top-column elementor-element elementor-element-ba15419\" data-id=\"ba15419\" data-element_type=\"column\" data-e-type=\"column\">\n\t\t\t<div class=\"elementor-widget-wrap elementor-element-populated\">\n\t\t\t\t\t\t<div class=\"elementor-element elementor-element-feb6d4f elementor-widget elementor-widget-heading\" data-id=\"feb6d4f\" data-element_type=\"widget\" data-e-type=\"widget\" data-widget_type=\"heading.default\">\n\t\t\t\t<div class=\"elementor-widget-container\">\n\t\t\t\t\t<h6 class=\"elementor-heading-title elementor-size-default\">Une aide de 1 \u20ac par plant\u2026 jusqu\u2019\u00e0 100 plants aid\u00e9s !<\/h6>\t\t\t\t<\/div>\n\t\t\t\t<\/div>\n\t\t\t\t\t<\/div>\n\t\t<\/div>\n\t\t\t\t\t<\/div>\n\t\t<\/section>\n\t\t\t\t<section class=\"elementor-section elementor-top-section elementor-element elementor-element-7c9e4f1 elementor-section-boxed elementor-section-height-default elementor-section-height-default\" data-id=\"7c9e4f1\" data-element_type=\"section\" data-e-type=\"section\">\n\t\t\t\t\t\t<div class=\"elementor-container elementor-column-gap-default\">\n\t\t\t\t\t<div class=\"elementor-column elementor-col-100 elementor-top-column elementor-element elementor-element-cc0e4f7\" data-id=\"cc0e4f7\" data-element_type=\"column\" data-e-type=\"column\">\n\t\t\t<div class=\"elementor-widget-wrap elementor-element-populated\">\n\t\t\t\t\t\t<div class=\"elementor-element elementor-element-f387704 elementor-widget elementor-widget-text-editor\" data-id=\"f387704\" data-element_type=\"widget\" data-e-type=\"widget\" data-widget_type=\"text-editor.default\">\n\t\t\t\t<div class=\"elementor-widget-container\">\n\t\t\t\t\t\t\t\t\t<p>Pour encourager cette d\u00e9marche, Granville Terre et Mer finance 1 \u20ac par plant, dans la limite de 100 plants aid\u00e9s par b\u00e9n\u00e9ficiaire. Le co\u00fbt unitaire apr\u00e8s subvention est donc r\u00e9duit \u00e0 0,70 \u20ac par plant.<\/p>\t\t\t\t\t\t\t\t<\/div>\n\t\t\t\t<\/div>\n\t\t\t\t\t<\/div>\n\t\t<\/div>\n\t\t\t\t\t<\/div>\n\t\t<\/section>\n\t\t\t\t<section class=\"elementor-section elementor-top-section elementor-element elementor-element-d1c5710 elementor-section-boxed elementor-section-height-default elementor-section-height-default\" data-id=\"d1c5710\" data-element_type=\"section\" data-e-type=\"section\">\n\t\t\t\t\t\t<div class=\"elementor-container elementor-column-gap-default\">\n\t\t\t\t\t<div class=\"elementor-column elementor-col-100 elementor-top-column elementor-element elementor-element-37e4b24\" data-id=\"37e4b24\" data-element_type=\"column\" data-e-type=\"column\">\n\t\t\t<div class=\"elementor-widget-wrap elementor-element-populated\">\n\t\t\t\t\t\t<div class=\"elementor-element elementor-element-f3aac82 elementor-widget elementor-widget-heading\" data-id=\"f3aac82\" data-element_type=\"widget\" data-e-type=\"widget\" data-widget_type=\"heading.default\">\n\t\t\t\t<div class=\"elementor-widget-container\">\n\t\t\t\t\t<h6 class=\"elementor-heading-title elementor-size-default\">Une commande simple, une distribution locale<\/h6>\t\t\t\t<\/div>\n\t\t\t\t<\/div>\n\t\t\t\t\t<\/div>\n\t\t<\/div>\n\t\t\t\t\t<\/div>\n\t\t<\/section>\n\t\t\t\t<section class=\"elementor-section elementor-top-section elementor-element elementor-element-500277e elementor-section-boxed elementor-section-height-default elementor-section-height-default\" data-id=\"500277e\" data-element_type=\"section\" data-e-type=\"section\">\n\t\t\t\t\t\t<div class=\"elementor-container elementor-column-gap-default\">\n\t\t\t\t\t<div class=\"elementor-column elementor-col-100 elementor-top-column elementor-element elementor-element-1492de2\" data-id=\"1492de2\" data-element_type=\"column\" data-e-type=\"column\">\n\t\t\t<div class=\"elementor-widget-wrap elementor-element-populated\">\n\t\t\t\t\t\t<div class=\"elementor-element elementor-element-1978283 elementor-widget elementor-widget-text-editor\" data-id=\"1978283\" data-element_type=\"widget\" data-e-type=\"widget\" data-widget_type=\"text-editor.default\">\n\t\t\t\t<div class=\"elementor-widget-container\">\n\t\t\t\t\t\t\t\t\t<ol><li><a href=\"https:\/\/anctovillesurboscq.fr\/wp-content\/uploads\/2025\/05\/2025_BDC_Granville-terre-et-mer.pdf\" target=\"_blank\" rel=\"noopener\">T\u00e9l\u00e9chargez le bon de commande<\/a> (ou r\u00e9cup\u00e9rez-le en mairie).<\/li><li>Compl\u00e9tez-le soigneusement, sans oublier votre email (obligatoire pour recevoir la confirmation).<\/li><li>Joignez votre ch\u00e8que \u00e0 l\u2019ordre de la Chambre d\u2019agriculture de r\u00e9gion Normandie.<\/li><li>Renvoyez le tout <span style=\"text-decoration: underline;\"><strong>avant le 15 juillet 2025<\/strong><\/span> \u00e0 l\u2019adresse indiqu\u00e9e.<\/li><\/ol>\t\t\t\t\t\t\t\t<\/div>\n\t\t\t\t<\/div>\n\t\t\t\t\t<\/div>\n\t\t<\/div>\n\t\t\t\t\t<\/div>\n\t\t<\/section>\n\t\t\t\t<section class=\"elementor-section elementor-top-section elementor-element elementor-element-a47100d elementor-section-boxed elementor-section-height-default elementor-section-height-default\" data-id=\"a47100d\" data-element_type=\"section\" data-e-type=\"section\">\n\t\t\t\t\t\t<div class=\"elementor-container elementor-column-gap-default\">\n\t\t\t\t\t<div class=\"elementor-column elementor-col-100 elementor-top-column elementor-element elementor-element-863db67\" data-id=\"863db67\" data-element_type=\"column\" data-e-type=\"column\">\n\t\t\t<div class=\"elementor-widget-wrap elementor-element-populated\">\n\t\t\t\t\t\t<div class=\"elementor-element elementor-element-739bdd0 elementor-widget elementor-widget-text-editor\" data-id=\"739bdd0\" data-element_type=\"widget\" data-e-type=\"widget\" data-widget_type=\"text-editor.default\">\n\t\t\t\t<div class=\"elementor-widget-container\">\n\t\t\t\t\t\t\t\t\t<p>\ud83d\udcc5 <strong>Distribution des plants<\/strong> : le <strong>samedi 17 janvier 2026<\/strong> (lieu communiqu\u00e9 ult\u00e9rieurement par courrier).<\/p>\t\t\t\t\t\t\t\t<\/div>\n\t\t\t\t<\/div>\n\t\t\t\t\t<\/div>\n\t\t<\/div>\n\t\t\t\t\t<\/div>\n\t\t<\/section>\n\t\t\t\t<section class=\"elementor-section elementor-top-section elementor-element elementor-element-6a63efe elementor-section-boxed elementor-section-height-default elementor-section-height-default\" data-id=\"6a63efe\" data-element_type=\"section\" data-e-type=\"section\">\n\t\t\t\t\t\t<div class=\"elementor-container elementor-column-gap-default\">\n\t\t\t\t\t<div class=\"elementor-column elementor-col-100 elementor-top-column elementor-element elementor-element-0bab5e2\" data-id=\"0bab5e2\" data-element_type=\"column\" data-e-type=\"column\">\n\t\t\t<div class=\"elementor-widget-wrap elementor-element-populated\">\n\t\t\t\t\t\t<div class=\"elementor-element elementor-element-0bed14a elementor-widget elementor-widget-text-editor\" data-id=\"0bed14a\" data-element_type=\"widget\" data-e-type=\"widget\" data-widget_type=\"text-editor.default\">\n\t\t\t\t<div class=\"elementor-widget-container\">\n\t\t\t\t\t\t\t\t\t<p>Avant de commander, visionnez cette courte vid\u00e9o explicative : <a href=\"https:\/\/youtu.be\/ZtknKqDbqPo\">https:\/\/youtu.be\/ZtknKqDbqPo<\/a><\/p>\t\t\t\t\t\t\t\t<\/div>\n\t\t\t\t<\/div>\n\t\t\t\t\t<\/div>\n\t\t<\/div>\n\t\t\t\t\t<\/div>\n\t\t<\/section>\n\t\t\t\t<section class=\"elementor-section elementor-top-section elementor-element elementor-element-e24228b elementor-section-boxed elementor-section-height-default elementor-section-height-default\" data-id=\"e24228b\" data-element_type=\"section\" data-e-type=\"section\">\n\t\t\t\t\t\t<div class=\"elementor-container elementor-column-gap-default\">\n\t\t\t\t\t<div class=\"elementor-column elementor-col-100 elementor-top-column elementor-element elementor-element-c199885\" data-id=\"c199885\" data-element_type=\"column\" data-e-type=\"column\">\n\t\t\t<div class=\"elementor-widget-wrap elementor-element-populated\">\n\t\t\t\t\t\t<div class=\"elementor-element elementor-element-a4628a3 elementor-widget elementor-widget-text-editor\" data-id=\"a4628a3\" data-element_type=\"widget\" data-e-type=\"widget\" data-widget_type=\"text-editor.default\">\n\t\t\t\t<div class=\"elementor-widget-container\">\n\t\t\t\t\t\t\t\t\t<p><strong>\u2139\ufe0f Besoin d\u2019aide ou d\u2019informations ?<\/strong><\/p><p>Contactez :<\/p><ul><li>Guillaume EYCHENNE \u2013 06 70 97 81 48<\/li><li>Service boisement : 06 58 69 45 69 ou <a href=\"mailto:commande_arbres@normandie.chambagri.fr\">commande_arbres@normandie.chambagri.fr<\/a><\/li><\/ul>\t\t\t\t\t\t\t\t<\/div>\n\t\t\t\t<\/div>\n\t\t\t\t\t<\/div>\n\t\t<\/div>\n\t\t\t\t\t<\/div>\n\t\t<\/section>\n\t\t\t\t<\/div>\n\t\t","protected":false},"excerpt":{"rendered":"<p>Un geste pour le bocage, un engagement pour la biodiversit\u00e9 L\u2019objectif est clair : pr\u00e9server et renforcer les paysages bocagers de la Manche. Chaque participant peut commander un minimum de 20 jeunes plants d\u2019essences&#46;&#46;&#46;<\/p>\n","protected":false},"author":2,"featured_media":8345,"comment_status":"open","ping_status":"open","sticky":false,"template":"","format":"standard","meta":{"footnotes":""},"categories":[17],"tags":[],"class_list":["post-8342","post","type-post","status-publish","format-standard","has-post-thumbnail","hentry","category-intercommunalite"],"_links":{"self":[{"href":"https:\/\/anctovillesurboscq.fr\/index.php?rest_route=\/wp\/v2\/posts\/8342"}],"collection":[{"href":"https:\/\/anctovillesurboscq.fr\/index.php?rest_route=\/wp\/v2\/posts"}],"about":[{"href":"https:\/\/anctovillesurboscq.fr\/index.php?rest_route=\/wp\/v2\/types\/post"}],"author":[{"embeddable":true,"href":"https:\/\/anctovillesurboscq.fr\/index.php?rest_route=\/wp\/v2\/users\/2"}],"replies":[{"embeddable":true,"href":"https:\/\/anctovillesurboscq.fr\/index.php?rest_route=%2Fwp%2Fv2%2Fcomments&post=8342"}],"version-history":[{"count":0,"href":"https:\/\/anctovillesurboscq.fr\/index.php?rest_route=\/wp\/v2\/posts\/8342\/revisions"}],"wp:featuredmedia":[{"embeddable":true,"href":"https:\/\/anctovillesurboscq.fr\/index.php?rest_route=\/wp\/v2\/media\/8345"}],"wp:attachment":[{"href":"https:\/\/anctovillesurboscq.fr\/index.php?rest_route=%2Fwp%2Fv2%2Fmedia&parent=8342"}],"wp:term":[{"taxonomy":"category","embeddable":true,"href":"https:\/\/anctovillesurboscq.fr\/index.php?rest_route=%2Fwp%2Fv2%2Fcategories&post=8342"},{"taxonomy":"post_tag","embeddable":true,"href":"https:\/\/anctovillesurboscq.fr\/index.php?rest_route=%2Fwp%2Fv2%2Ftags&post=8342"}],"curies":[{"name":"wp","href":"https:\/\/api.w.org\/{rel}","templated":true}]}}