{"id":8315,"date":"2025-04-30T16:23:22","date_gmt":"2025-04-30T14:23:22","guid":{"rendered":"https:\/\/anctovillesurboscq.fr\/?p=8315"},"modified":"2025-04-30T16:29:22","modified_gmt":"2025-04-30T14:29:22","slug":"commemoration-du-8-mai-1945-2","status":"publish","type":"post","link":"https:\/\/anctovillesurboscq.fr\/?p=8315","title":{"rendered":"Comm\u00e9moration du 8 mai 1945"},"content":{"rendered":"\t\t<div data-elementor-type=\"wp-post\" data-elementor-id=\"8315\" class=\"elementor elementor-8315\">\n\t\t\t\t\t\t<section class=\"elementor-section elementor-top-section elementor-element elementor-element-5dc53fb elementor-section-boxed elementor-section-height-default elementor-section-height-default\" data-id=\"5dc53fb\" data-element_type=\"section\" data-e-type=\"section\">\n\t\t\t\t\t\t<div class=\"elementor-container elementor-column-gap-default\">\n\t\t\t\t\t<div class=\"elementor-column elementor-col-100 elementor-top-column elementor-element elementor-element-6c2f565\" data-id=\"6c2f565\" data-element_type=\"column\" data-e-type=\"column\">\n\t\t\t<div class=\"elementor-widget-wrap elementor-element-populated\">\n\t\t\t\t\t\t<div class=\"elementor-element elementor-element-eddc070 elementor-widget elementor-widget-heading\" data-id=\"eddc070\" data-element_type=\"widget\" data-e-type=\"widget\" data-widget_type=\"heading.default\">\n\t\t\t\t<div class=\"elementor-widget-container\">\n\t\t\t\t\t<div class=\"elementor-heading-title elementor-size-default\">une c\u00e9r\u00e9monie intercommunale pour le devoir de m\u00e9moire<\/div>\t\t\t\t<\/div>\n\t\t\t\t<\/div>\n\t\t\t\t\t<\/div>\n\t\t<\/div>\n\t\t\t\t\t<\/div>\n\t\t<\/section>\n\t\t\t\t<section class=\"elementor-section elementor-top-section elementor-element elementor-element-3d6354d elementor-section-boxed elementor-section-height-default elementor-section-height-default\" data-id=\"3d6354d\" data-element_type=\"section\" data-e-type=\"section\">\n\t\t\t\t\t\t<div class=\"elementor-container elementor-column-gap-default\">\n\t\t\t\t\t<div class=\"elementor-column elementor-col-100 elementor-top-column elementor-element elementor-element-9bb89a9\" data-id=\"9bb89a9\" data-element_type=\"column\" data-e-type=\"column\">\n\t\t\t<div class=\"elementor-widget-wrap elementor-element-populated\">\n\t\t\t\t\t\t<div class=\"elementor-element elementor-element-554a9ff elementor-widget elementor-widget-text-editor\" data-id=\"554a9ff\" data-element_type=\"widget\" data-e-type=\"widget\" data-widget_type=\"text-editor.default\">\n\t\t\t\t<div class=\"elementor-widget-container\">\n\t\t\t\t\t\t\t\t\t<p>Les communes d\u2019Anctoville-sur-Boscq, Saint-Planchers et Saint-Aubin-des-Pr\u00e9aux ont le plaisir d\u2019annoncer une c\u00e9r\u00e9monie commune de comm\u00e9moration de la Victoire du 8 mai 1945. Cette initiative, port\u00e9e conjointement par les trois municipalit\u00e9s, symbolise l\u2019union et la solidarit\u00e9 de nos territoires autour des valeurs de paix et de m\u00e9moire.<\/p><p><strong>Un moment de recueillement et de fraternit\u00e9<\/strong><\/p><p>Cette comm\u00e9moration vise \u00e0 honorer ensemble la m\u00e9moire des femmes et des hommes tomb\u00e9s pour la libert\u00e9, et \u00e0 transmettre aux jeunes g\u00e9n\u00e9rations l\u2019importance du devoir de m\u00e9moire. Elle rassemblera les \u00e9lus, les anciens combattants, les associations locales et les \u00e9coles, dans une atmosph\u00e8re de recueillement et de fraternit\u00e9.<\/p><p><strong>Programme de la c\u00e9r\u00e9monie \u2013 Jeudi 8 mai 2025<\/strong><\/p><ul><li><strong>11 h 00<\/strong> : C\u00e9r\u00e9monie officielle au monument aux morts d\u2019<strong>Anctoville-sur-Boscq<\/strong> :<ul><li>Discours du ministre des Arm\u00e9es<\/li><li>Appel des morts pour la France<\/li><\/ul><\/li><li><strong>\u00c0 l\u2019issue de la c\u00e9r\u00e9monie<\/strong> : Un <strong>vin d\u2019honneur<\/strong> sera offert \u00e0 la <strong>Salle des f\u00eates d\u2019Anctoville-sur-Boscq<\/strong><\/li><\/ul>\t\t\t\t\t\t\t\t<\/div>\n\t\t\t\t<\/div>\n\t\t\t\t\t<\/div>\n\t\t<\/div>\n\t\t\t\t\t<\/div>\n\t\t<\/section>\n\t\t\t\t<section class=\"elementor-section elementor-top-section elementor-element elementor-element-7c48c81 elementor-section-boxed elementor-section-height-default elementor-section-height-default\" data-id=\"7c48c81\" data-element_type=\"section\" data-e-type=\"section\">\n\t\t\t\t\t\t<div class=\"elementor-container elementor-column-gap-default\">\n\t\t\t\t\t<div class=\"elementor-column elementor-col-100 elementor-top-column elementor-element elementor-element-b4117a1\" data-id=\"b4117a1\" data-element_type=\"column\" data-e-type=\"column\">\n\t\t\t<div class=\"elementor-widget-wrap elementor-element-populated\">\n\t\t\t\t\t\t<div class=\"elementor-element elementor-element-56d364a elementor-widget elementor-widget-text-editor\" data-id=\"56d364a\" data-element_type=\"widget\" data-e-type=\"widget\" data-widget_type=\"text-editor.default\">\n\t\t\t\t<div class=\"elementor-widget-container\">\n\t\t\t\t\t\t\t\t\t<p>Nous invitons chaleureusement tous les habitants \u00e0 participer \u00e0 ce moment fort de notre m\u00e9moire collective. Votre pr\u00e9sence t\u00e9moignera de l\u2019attachement de notre commune aux valeurs de libert\u00e9, de paix et de solidarit\u00e9.<\/p><p><strong>Venez nombreux !<\/strong><\/p>\t\t\t\t\t\t\t\t<\/div>\n\t\t\t\t<\/div>\n\t\t\t\t\t<\/div>\n\t\t<\/div>\n\t\t\t\t\t<\/div>\n\t\t<\/section>\n\t\t\t\t<\/div>\n\t\t","protected":false},"excerpt":{"rendered":"<p>une c\u00e9r\u00e9monie intercommunale pour le devoir de m\u00e9moire Les communes d\u2019Anctoville-sur-Boscq, Saint-Planchers et Saint-Aubin-des-Pr\u00e9aux ont le plaisir d\u2019annoncer une c\u00e9r\u00e9monie commune de comm\u00e9moration de la Victoire du 8 mai 1945. Cette initiative, port\u00e9e conjointement&#46;&#46;&#46;<\/p>\n","protected":false},"author":2,"featured_media":8316,"comment_status":"open","ping_status":"open","sticky":false,"template":"","format":"standard","meta":{"footnotes":""},"categories":[1],"tags":[],"class_list":["post-8315","post","type-post","status-publish","format-standard","has-post-thumbnail","hentry","category-vie-commune"],"_links":{"self":[{"href":"https:\/\/anctovillesurboscq.fr\/index.php?rest_route=\/wp\/v2\/posts\/8315"}],"collection":[{"href":"https:\/\/anctovillesurboscq.fr\/index.php?rest_route=\/wp\/v2\/posts"}],"about":[{"href":"https:\/\/anctovillesurboscq.fr\/index.php?rest_route=\/wp\/v2\/types\/post"}],"author":[{"embeddable":true,"href":"https:\/\/anctovillesurboscq.fr\/index.php?rest_route=\/wp\/v2\/users\/2"}],"replies":[{"embeddable":true,"href":"https:\/\/anctovillesurboscq.fr\/index.php?rest_route=%2Fwp%2Fv2%2Fcomments&post=8315"}],"version-history":[{"count":0,"href":"https:\/\/anctovillesurboscq.fr\/index.php?rest_route=\/wp\/v2\/posts\/8315\/revisions"}],"wp:featuredmedia":[{"embeddable":true,"href":"https:\/\/anctovillesurboscq.fr\/index.php?rest_route=\/wp\/v2\/media\/8316"}],"wp:attachment":[{"href":"https:\/\/anctovillesurboscq.fr\/index.php?rest_route=%2Fwp%2Fv2%2Fmedia&parent=8315"}],"wp:term":[{"taxonomy":"category","embeddable":true,"href":"https:\/\/anctovillesurboscq.fr\/index.php?rest_route=%2Fwp%2Fv2%2Fcategories&post=8315"},{"taxonomy":"post_tag","embeddable":true,"href":"https:\/\/anctovillesurboscq.fr\/index.php?rest_route=%2Fwp%2Fv2%2Ftags&post=8315"}],"curies":[{"name":"wp","href":"https:\/\/api.w.org\/{rel}","templated":true}]}}