{"id":8300,"date":"2025-04-30T15:56:03","date_gmt":"2025-04-30T13:56:03","guid":{"rendered":"https:\/\/anctovillesurboscq.fr\/?p=8300"},"modified":"2025-04-30T16:03:16","modified_gmt":"2025-04-30T14:03:16","slug":"concertation-climat-donnez-votre-avis","status":"publish","type":"post","link":"https:\/\/anctovillesurboscq.fr\/?p=8300","title":{"rendered":"Concertation Climat : Donnez votre avis"},"content":{"rendered":"\t\t<div data-elementor-type=\"wp-post\" data-elementor-id=\"8300\" class=\"elementor elementor-8300\">\n\t\t\t\t\t\t<section class=\"elementor-section elementor-top-section elementor-element elementor-element-6fea690 elementor-section-boxed elementor-section-height-default elementor-section-height-default\" data-id=\"6fea690\" data-element_type=\"section\" data-e-type=\"section\">\n\t\t\t\t\t\t<div class=\"elementor-container elementor-column-gap-default\">\n\t\t\t\t\t<div class=\"elementor-column elementor-col-100 elementor-top-column elementor-element elementor-element-374eb38\" data-id=\"374eb38\" data-element_type=\"column\" data-e-type=\"column\">\n\t\t\t<div class=\"elementor-widget-wrap elementor-element-populated\">\n\t\t\t\t\t\t<div class=\"elementor-element elementor-element-3dfaeec elementor-widget elementor-widget-text-editor\" data-id=\"3dfaeec\" data-element_type=\"widget\" data-e-type=\"widget\" data-widget_type=\"text-editor.default\">\n\t\t\t\t<div class=\"elementor-widget-container\">\n\t\t\t\t\t\t\t\t\t<p>Dans le cadre de son engagement en faveur du d\u00e9veloppement durable, la Communaut\u00e9 de communes Granville Terre &amp; Mer lance une concertation publique ouverte \u00e0 tous les habitants, associations et professionnels pour finaliser son Plan Climat Air \u00c9nergie Territorial (PCAET). Cette derni\u00e8re phase de dialogue se d\u00e9roulera du 29 avril au 15 juin 2025.<\/p><p>Une d\u00e9marche participative pour construire un avenir durable<\/p><p>Initi\u00e9e en 2019, l\u2019\u00e9laboration du Plan Climat a d\u00e9j\u00e0 permis de franchir de nombreuses \u00e9tapes : diagnostic du territoire, strat\u00e9gie climat, \u00e9laboration de fiches actions&#8230; Aujourd\u2019hui, l\u2019objectif est clair : v\u00e9rifier l\u2019ad\u00e9quation des actions envisag\u00e9es avec les besoins r\u00e9els des citoyens.<\/p><p>Cette concertation s\u2019appuie sur plusieurs outils :<\/p><ul><li>Une enqu\u00eate en ligne accessible depuis le site : <a href=\"https:\/\/www.granville-terre-mer.fr\">www.granville-terre-mer.fr<\/a>, rubrique <em>transition \u00e9cologique<\/em>.<\/li><li>Une version papier disponible au si\u00e8ge de Granville Terre &amp; Mer (197 avenue des Vend\u00e9ens \u00e0 Granville).<\/li><li>Des r\u00e9unions publiques dans les communes :<ul><li>Granville \u2013 Salle Saint Nicolas : mardi 13 mai \u00e0 20h<\/li><li>C\u00e9rences \u2013 Salle des services publics : lundi 26 mai \u00e0 18h30<\/li><li>Carolles \u2013 Espace Fran\u00e7ois Simon : mardi 27 mai \u00e0 18h30<\/li><\/ul><\/li><li>Des points d\u2019information sur les march\u00e9s :<ul><li>20 mai : Br\u00e9hal<\/li><li>21 mai : La Haye-Pesnel<\/li><li>22 mai : Saint-Pair-sur-Mer<\/li><li>7 juin : Granville<\/li><\/ul><\/li><li>Une r\u00e9union \u00e0 destination des associations : mercredi 14 mai \u00e0 17h \u00e0 la Cit\u00e9 des sports de Granville.<\/li><\/ul><p>Des th\u00e9matiques concr\u00e8tes pour le quotidien<\/p><p>Le Plan Climat touche \u00e0 des enjeux majeurs de notre quotidien :<\/p><ul><li>\u00c9nergie &amp; climat : sobri\u00e9t\u00e9 \u00e9nerg\u00e9tique, adaptation au changement climatique.<\/li><li>Mobilit\u00e9 : alternatives \u00e0 la voiture individuelle.<\/li><li>Alimentation : circuits courts et agriculture durable.<\/li><li>D\u00e9chets &amp; ressources : r\u00e9duction et valorisation des d\u00e9chets.<\/li><li>Am\u00e9nagement du territoire : urbanisme durable.<\/li><li>Tourisme : respect de l\u2019environnement et attractivit\u00e9.<\/li><\/ul><p>Les habitants sont invit\u00e9s \u00e0 faire part de leurs id\u00e9es, attentes et propositions, que ce soit via l\u2019enqu\u00eate ou par mail \u00e0 l\u2019adresse : <a href=\"mailto:planclimat@granville-terre-mer.fr\">planclimat@granville-terre-mer.fr<\/a>.<\/p>\t\t\t\t\t\t\t\t<\/div>\n\t\t\t\t<\/div>\n\t\t\t\t\t<\/div>\n\t\t<\/div>\n\t\t\t\t\t<\/div>\n\t\t<\/section>\n\t\t\t\t<section class=\"elementor-section elementor-top-section elementor-element elementor-element-e608b03 elementor-section-boxed elementor-section-height-default elementor-section-height-default\" data-id=\"e608b03\" data-element_type=\"section\" data-e-type=\"section\">\n\t\t\t\t\t\t<div class=\"elementor-container elementor-column-gap-default\">\n\t\t\t\t\t<div class=\"elementor-column elementor-col-100 elementor-top-column elementor-element elementor-element-6e60d76\" data-id=\"6e60d76\" data-element_type=\"column\" data-e-type=\"column\">\n\t\t\t<div class=\"elementor-widget-wrap elementor-element-populated\">\n\t\t\t\t\t\t<div class=\"elementor-element elementor-element-7d1133c elementor-widget elementor-widget-text-editor\" data-id=\"7d1133c\" data-element_type=\"widget\" data-e-type=\"widget\" data-widget_type=\"text-editor.default\">\n\t\t\t\t<div class=\"elementor-widget-container\">\n\t\t\t\t\t\t\t\t\t<p>\u27a1\ufe0f<strong>Retrouvez toutes les infos en cliquant sur les liens :<\/strong><\/p><p>\u270f\ufe0f<strong><u><a href=\"https:\/\/www.granville-terre-mer.fr\/fileadmin\/user_upload\/04_Environnement\/Pcaet\/PlanClimat-integral.pdf\" target=\"_blank\" rel=\"noopener\">Les actions illustr\u00e9es du Plan Climat<\/a><\/u><\/strong><\/p><p>\ud83c\udfa5<strong><u><a href=\"https:\/\/youtu.be\/BtSjB7uZhpU\" target=\"_blank\" rel=\"noopener\">La vid\u00e9o explicative<\/a><\/u><\/strong><\/p><p>\u00a0<\/p>\t\t\t\t\t\t\t\t<\/div>\n\t\t\t\t<\/div>\n\t\t\t\t\t<\/div>\n\t\t<\/div>\n\t\t\t\t\t<\/div>\n\t\t<\/section>\n\t\t\t\t<section class=\"elementor-section elementor-top-section elementor-element elementor-element-9d72e09 elementor-section-boxed elementor-section-height-default elementor-section-height-default\" data-id=\"9d72e09\" data-element_type=\"section\" data-e-type=\"section\">\n\t\t\t\t\t\t<div class=\"elementor-container elementor-column-gap-default\">\n\t\t\t\t\t<div class=\"elementor-column elementor-col-100 elementor-top-column elementor-element elementor-element-07b2563\" data-id=\"07b2563\" data-element_type=\"column\" data-e-type=\"column\">\n\t\t\t<div class=\"elementor-widget-wrap elementor-element-populated\">\n\t\t\t\t\t\t<div class=\"elementor-element elementor-element-b829b17 elementor-widget elementor-widget-image\" data-id=\"b829b17\" data-element_type=\"widget\" data-e-type=\"widget\" data-widget_type=\"image.default\">\n\t\t\t\t<div class=\"elementor-widget-container\">\n\t\t\t\t\t\t\t\t\t\t\t\t\t\t\t<img fetchpriority=\"high\" decoding=\"async\" width=\"564\" height=\"784\" src=\"https:\/\/anctovillesurboscq.fr\/wp-content\/uploads\/2025\/04\/plan-climat-2.jpg\" class=\"attachment-large size-large wp-image-8308\" alt=\"\" srcset=\"https:\/\/anctovillesurboscq.fr\/wp-content\/uploads\/2025\/04\/plan-climat-2.jpg 564w, https:\/\/anctovillesurboscq.fr\/wp-content\/uploads\/2025\/04\/plan-climat-2-216x300.jpg 216w\" sizes=\"(max-width: 564px) 100vw, 564px\" \/>\t\t\t\t\t\t\t\t\t\t\t\t\t\t\t<\/div>\n\t\t\t\t<\/div>\n\t\t\t\t\t<\/div>\n\t\t<\/div>\n\t\t\t\t\t<\/div>\n\t\t<\/section>\n\t\t\t\t<\/div>\n\t\t","protected":false},"excerpt":{"rendered":"<p>Dans le cadre de son engagement en faveur du d\u00e9veloppement durable, la Communaut\u00e9 de communes Granville Terre &amp; Mer lance une concertation publique ouverte \u00e0 tous les habitants, associations et professionnels pour finaliser son&#46;&#46;&#46;<\/p>\n","protected":false},"author":2,"featured_media":8302,"comment_status":"open","ping_status":"open","sticky":false,"template":"","format":"standard","meta":{"footnotes":""},"categories":[1],"tags":[],"class_list":["post-8300","post","type-post","status-publish","format-standard","has-post-thumbnail","hentry","category-vie-commune"],"_links":{"self":[{"href":"https:\/\/anctovillesurboscq.fr\/index.php?rest_route=\/wp\/v2\/posts\/8300"}],"collection":[{"href":"https:\/\/anctovillesurboscq.fr\/index.php?rest_route=\/wp\/v2\/posts"}],"about":[{"href":"https:\/\/anctovillesurboscq.fr\/index.php?rest_route=\/wp\/v2\/types\/post"}],"author":[{"embeddable":true,"href":"https:\/\/anctovillesurboscq.fr\/index.php?rest_route=\/wp\/v2\/users\/2"}],"replies":[{"embeddable":true,"href":"https:\/\/anctovillesurboscq.fr\/index.php?rest_route=%2Fwp%2Fv2%2Fcomments&post=8300"}],"version-history":[{"count":0,"href":"https:\/\/anctovillesurboscq.fr\/index.php?rest_route=\/wp\/v2\/posts\/8300\/revisions"}],"wp:featuredmedia":[{"embeddable":true,"href":"https:\/\/anctovillesurboscq.fr\/index.php?rest_route=\/wp\/v2\/media\/8302"}],"wp:attachment":[{"href":"https:\/\/anctovillesurboscq.fr\/index.php?rest_route=%2Fwp%2Fv2%2Fmedia&parent=8300"}],"wp:term":[{"taxonomy":"category","embeddable":true,"href":"https:\/\/anctovillesurboscq.fr\/index.php?rest_route=%2Fwp%2Fv2%2Fcategories&post=8300"},{"taxonomy":"post_tag","embeddable":true,"href":"https:\/\/anctovillesurboscq.fr\/index.php?rest_route=%2Fwp%2Fv2%2Ftags&post=8300"}],"curies":[{"name":"wp","href":"https:\/\/api.w.org\/{rel}","templated":true}]}}