{"id":8242,"date":"2025-04-04T13:48:58","date_gmt":"2025-04-04T11:48:58","guid":{"rendered":"https:\/\/anctovillesurboscq.fr\/?p=8242"},"modified":"2025-04-04T14:04:48","modified_gmt":"2025-04-04T12:04:48","slug":"relevez-le-defi-des-5r","status":"publish","type":"post","link":"https:\/\/anctovillesurboscq.fr\/?p=8242","title":{"rendered":"Relevez le d\u00e9fi des 5R"},"content":{"rendered":"\t\t<div data-elementor-type=\"wp-post\" data-elementor-id=\"8242\" class=\"elementor elementor-8242\">\n\t\t\t\t\t\t<section class=\"elementor-section elementor-top-section elementor-element elementor-element-6416c10 elementor-section-boxed elementor-section-height-default elementor-section-height-default\" data-id=\"6416c10\" data-element_type=\"section\" data-e-type=\"section\">\n\t\t\t\t\t\t<div class=\"elementor-container elementor-column-gap-default\">\n\t\t\t\t\t<div class=\"elementor-column elementor-col-100 elementor-top-column elementor-element elementor-element-6c08c52\" data-id=\"6c08c52\" data-element_type=\"column\" data-e-type=\"column\">\n\t\t\t<div class=\"elementor-widget-wrap elementor-element-populated\">\n\t\t\t\t\t\t<div class=\"elementor-element elementor-element-be4bdbc elementor-widget elementor-widget-text-editor\" data-id=\"be4bdbc\" data-element_type=\"widget\" data-e-type=\"widget\" data-widget_type=\"text-editor.default\">\n\t\t\t\t<div class=\"elementor-widget-container\">\n\t\t\t\t\t\t\t\t\t<p>Du 14 au 19 avril, la Communaut\u00e9 de communes Granville Terre et Mer vous invite \u00e0 participer \u00e0 la <strong>Semaine des 5R<\/strong> : R\u00e9duire, R\u00e9parer, Recycler, Refuser, Rendre \u00e0 la terre.<\/p><p>Animations, ateliers, visites, jeux, spectacles\u2026 18 rendez-vous pour petits et grands sont propos\u00e9s sur tout le territoire, avec un objectif commun : <strong>agir pour la plan\u00e8te<\/strong> et apprendre \u00e0 mieux g\u00e9rer nos d\u00e9chets.<\/p><p>Cette deuxi\u00e8me \u00e9dition, organis\u00e9e avec de nombreux partenaires locaux, s\u2019adresse \u00e0 tous, curieux ou d\u00e9j\u00e0 engag\u00e9s, avec une attention particuli\u00e8re port\u00e9e aux enfants gr\u00e2ce au partenariat avec le festival Festi\u2019R\u00e9cr\u00e9.<\/p><p>Le programme complet est <a href=\"https:\/\/anctovillesurboscq.fr\/wp-content\/uploads\/2025\/04\/2025_03_Semainedes5R_Depliant_3PlisAccordeon-SANS-HIRONDELLES.pdf\" target=\"_blank\" rel=\"noopener\">ici<\/a>.<\/p><p><strong>Certaines activit\u00e9s n\u00e9cessitent une r\u00e9servation. Ne tardez pas !<\/strong><\/p>\t\t\t\t\t\t\t\t<\/div>\n\t\t\t\t<\/div>\n\t\t\t\t\t<\/div>\n\t\t<\/div>\n\t\t\t\t\t<\/div>\n\t\t<\/section>\n\t\t\t\t<section class=\"elementor-section elementor-top-section elementor-element elementor-element-bdfde16 elementor-section-boxed elementor-section-height-default elementor-section-height-default\" data-id=\"bdfde16\" data-element_type=\"section\" data-e-type=\"section\">\n\t\t\t\t\t\t<div class=\"elementor-container elementor-column-gap-default\">\n\t\t\t\t\t<div class=\"elementor-column elementor-col-100 elementor-top-column elementor-element elementor-element-40b93c4\" data-id=\"40b93c4\" data-element_type=\"column\" data-e-type=\"column\">\n\t\t\t<div class=\"elementor-widget-wrap elementor-element-populated\">\n\t\t\t\t\t\t<div class=\"elementor-element elementor-element-fa0b9a5 elementor-widget elementor-widget-text-editor\" data-id=\"fa0b9a5\" data-element_type=\"widget\" data-e-type=\"widget\" data-widget_type=\"text-editor.default\">\n\t\t\t\t<div class=\"elementor-widget-container\">\n\t\t\t\t\t\t\t\t\t<h3><strong>Distribution de composteurs<\/strong><\/h3>\t\t\t\t\t\t\t\t<\/div>\n\t\t\t\t<\/div>\n\t\t\t\t\t<\/div>\n\t\t<\/div>\n\t\t\t\t\t<\/div>\n\t\t<\/section>\n\t\t\t\t<section class=\"elementor-section elementor-top-section elementor-element elementor-element-d67a2a5 elementor-section-boxed elementor-section-height-default elementor-section-height-default\" data-id=\"d67a2a5\" data-element_type=\"section\" data-e-type=\"section\">\n\t\t\t\t\t\t<div class=\"elementor-container elementor-column-gap-default\">\n\t\t\t\t\t<div class=\"elementor-column elementor-col-100 elementor-top-column elementor-element elementor-element-73dc16b\" data-id=\"73dc16b\" data-element_type=\"column\" data-e-type=\"column\">\n\t\t\t<div class=\"elementor-widget-wrap elementor-element-populated\">\n\t\t\t\t\t\t<div class=\"elementor-element elementor-element-c8ea1df elementor-widget elementor-widget-text-editor\" data-id=\"c8ea1df\" data-element_type=\"widget\" data-e-type=\"widget\" data-widget_type=\"text-editor.default\">\n\t\t\t\t<div class=\"elementor-widget-container\">\n\t\t\t\t\t\t\t\t\t<p style=\"font-weight: 400;\"><strong>Mercredi 23 avril de 9 h \u00e0 13 h \u00e0 l&rsquo;H\u00f4tel d&rsquo;entreprises de Saint-Pair-sur-Mer (Rue de Jersey)<\/strong><\/p><p style=\"font-weight: 400;\"><strong>\u00a0<\/strong><span style=\"font-weight: 400; color: var( --e-global-color-text );\">POUR OBTENIR UN COMPOSTEUR, LA RESERVATION EST OBLIGATOIRE :\u00a0<\/span><a style=\"font-weight: 400;\" href=\"https:\/\/www.linscription.com\/pro\/activite.php?P1=213444\" target=\"_blank\" rel=\"noopener\">https:\/\/www.linscription.com\/pro\/activite.php?P1=213444<\/a><\/p>\t\t\t\t\t\t\t\t<\/div>\n\t\t\t\t<\/div>\n\t\t\t\t\t<\/div>\n\t\t<\/div>\n\t\t\t\t\t<\/div>\n\t\t<\/section>\n\t\t\t\t<\/div>\n\t\t","protected":false},"excerpt":{"rendered":"<p>Du 14 au 19 avril, la Communaut\u00e9 de communes Granville Terre et Mer vous invite \u00e0 participer \u00e0 la Semaine des 5R : R\u00e9duire, R\u00e9parer, Recycler, Refuser, Rendre \u00e0 la terre. Animations, ateliers, visites,&#46;&#46;&#46;<\/p>\n","protected":false},"author":2,"featured_media":8245,"comment_status":"open","ping_status":"open","sticky":false,"template":"","format":"standard","meta":{"footnotes":""},"categories":[17],"tags":[],"class_list":["post-8242","post","type-post","status-publish","format-standard","has-post-thumbnail","hentry","category-intercommunalite"],"_links":{"self":[{"href":"https:\/\/anctovillesurboscq.fr\/index.php?rest_route=\/wp\/v2\/posts\/8242"}],"collection":[{"href":"https:\/\/anctovillesurboscq.fr\/index.php?rest_route=\/wp\/v2\/posts"}],"about":[{"href":"https:\/\/anctovillesurboscq.fr\/index.php?rest_route=\/wp\/v2\/types\/post"}],"author":[{"embeddable":true,"href":"https:\/\/anctovillesurboscq.fr\/index.php?rest_route=\/wp\/v2\/users\/2"}],"replies":[{"embeddable":true,"href":"https:\/\/anctovillesurboscq.fr\/index.php?rest_route=%2Fwp%2Fv2%2Fcomments&post=8242"}],"version-history":[{"count":0,"href":"https:\/\/anctovillesurboscq.fr\/index.php?rest_route=\/wp\/v2\/posts\/8242\/revisions"}],"wp:featuredmedia":[{"embeddable":true,"href":"https:\/\/anctovillesurboscq.fr\/index.php?rest_route=\/wp\/v2\/media\/8245"}],"wp:attachment":[{"href":"https:\/\/anctovillesurboscq.fr\/index.php?rest_route=%2Fwp%2Fv2%2Fmedia&parent=8242"}],"wp:term":[{"taxonomy":"category","embeddable":true,"href":"https:\/\/anctovillesurboscq.fr\/index.php?rest_route=%2Fwp%2Fv2%2Fcategories&post=8242"},{"taxonomy":"post_tag","embeddable":true,"href":"https:\/\/anctovillesurboscq.fr\/index.php?rest_route=%2Fwp%2Fv2%2Ftags&post=8242"}],"curies":[{"name":"wp","href":"https:\/\/api.w.org\/{rel}","templated":true}]}}