{"id":7654,"date":"2024-10-21T10:52:54","date_gmt":"2024-10-21T08:52:54","guid":{"rendered":"https:\/\/anctovillesurboscq.fr\/?p=7654"},"modified":"2024-10-21T11:00:53","modified_gmt":"2024-10-21T09:00:53","slug":"la-location-de-velo-electrique","status":"publish","type":"post","link":"https:\/\/anctovillesurboscq.fr\/?p=7654","title":{"rendered":"La location de v\u00e9lo \u00e9lectrique"},"content":{"rendered":"\t\t<div data-elementor-type=\"wp-post\" data-elementor-id=\"7654\" class=\"elementor elementor-7654\">\n\t\t\t\t\t\t<section class=\"elementor-section elementor-top-section elementor-element elementor-element-daa6211 elementor-section-boxed elementor-section-height-default elementor-section-height-default\" data-id=\"daa6211\" data-element_type=\"section\" data-e-type=\"section\">\n\t\t\t\t\t\t<div class=\"elementor-container elementor-column-gap-default\">\n\t\t\t\t\t<div class=\"elementor-column elementor-col-100 elementor-top-column elementor-element elementor-element-696b286\" data-id=\"696b286\" data-element_type=\"column\" data-e-type=\"column\">\n\t\t\t<div class=\"elementor-widget-wrap elementor-element-populated\">\n\t\t\t\t\t\t<div class=\"elementor-element elementor-element-40a3261 elementor-widget elementor-widget-heading\" data-id=\"40a3261\" data-element_type=\"widget\" data-e-type=\"widget\" data-widget_type=\"heading.default\">\n\t\t\t\t<div class=\"elementor-widget-container\">\n\t\t\t\t\t<div class=\"elementor-heading-title elementor-size-default\">La location de v\u00e9los \u00e9lectriques \u00e0 Granville Terre &amp; Mer : Essayez avant d\u2019acheter !<\/div>\t\t\t\t<\/div>\n\t\t\t\t<\/div>\n\t\t\t\t\t<\/div>\n\t\t<\/div>\n\t\t\t\t\t<\/div>\n\t\t<\/section>\n\t\t\t\t<section class=\"elementor-section elementor-top-section elementor-element elementor-element-3fa72bf elementor-section-boxed elementor-section-height-default elementor-section-height-default\" data-id=\"3fa72bf\" data-element_type=\"section\" data-e-type=\"section\">\n\t\t\t\t\t\t<div class=\"elementor-container elementor-column-gap-default\">\n\t\t\t\t\t<div class=\"elementor-column elementor-col-100 elementor-top-column elementor-element elementor-element-60ba903\" data-id=\"60ba903\" data-element_type=\"column\" data-e-type=\"column\">\n\t\t\t<div class=\"elementor-widget-wrap elementor-element-populated\">\n\t\t\t\t\t\t<div class=\"elementor-element elementor-element-83ee260 elementor-widget elementor-widget-text-editor\" data-id=\"83ee260\" data-element_type=\"widget\" data-e-type=\"widget\" data-widget_type=\"text-editor.default\">\n\t\t\t\t<div class=\"elementor-widget-container\">\n\t\t\t\t\t\t\t\t\t<p>Vous \u00eates curieux de d\u00e9couvrir les avantages d\u2019un v\u00e9lo \u00e0 assistance \u00e9lectrique (VAE) avant de vous engager dans un achat ? Granville Terre &amp; Mer vous propose un service de location de v\u00e9los \u00e9lectriques accessible toute l\u2019ann\u00e9e !<\/p>\t\t\t\t\t\t\t\t<\/div>\n\t\t\t\t<\/div>\n\t\t\t\t\t<\/div>\n\t\t<\/div>\n\t\t\t\t\t<\/div>\n\t\t<\/section>\n\t\t\t\t<section class=\"elementor-section elementor-top-section elementor-element elementor-element-3c7e2fb elementor-section-boxed elementor-section-height-default elementor-section-height-default\" data-id=\"3c7e2fb\" data-element_type=\"section\" data-e-type=\"section\">\n\t\t\t\t\t\t<div class=\"elementor-container elementor-column-gap-default\">\n\t\t\t\t\t<div class=\"elementor-column elementor-col-100 elementor-top-column elementor-element elementor-element-a624afc\" data-id=\"a624afc\" data-element_type=\"column\" data-e-type=\"column\">\n\t\t\t<div class=\"elementor-widget-wrap elementor-element-populated\">\n\t\t\t\t\t\t<div class=\"elementor-element elementor-element-1ab4fb0 elementor-widget elementor-widget-heading\" data-id=\"1ab4fb0\" data-element_type=\"widget\" data-e-type=\"widget\" data-widget_type=\"heading.default\">\n\t\t\t\t<div class=\"elementor-widget-container\">\n\t\t\t\t\t<span class=\"elementor-heading-title elementor-size-default\">Pourquoi louer un VAE ?<\/span>\t\t\t\t<\/div>\n\t\t\t\t<\/div>\n\t\t\t\t\t<\/div>\n\t\t<\/div>\n\t\t\t\t\t<\/div>\n\t\t<\/section>\n\t\t\t\t<section class=\"elementor-section elementor-top-section elementor-element elementor-element-b29179e elementor-section-boxed elementor-section-height-default elementor-section-height-default\" data-id=\"b29179e\" data-element_type=\"section\" data-e-type=\"section\">\n\t\t\t\t\t\t<div class=\"elementor-container elementor-column-gap-default\">\n\t\t\t\t\t<div class=\"elementor-column elementor-col-100 elementor-top-column elementor-element elementor-element-a932c98\" data-id=\"a932c98\" data-element_type=\"column\" data-e-type=\"column\">\n\t\t\t<div class=\"elementor-widget-wrap elementor-element-populated\">\n\t\t\t\t\t\t<div class=\"elementor-element elementor-element-9a4e804 elementor-widget elementor-widget-text-editor\" data-id=\"9a4e804\" data-element_type=\"widget\" data-e-type=\"widget\" data-widget_type=\"text-editor.default\">\n\t\t\t\t<div class=\"elementor-widget-container\">\n\t\t\t\t\t\t\t\t\t<p>La location de v\u00e9los \u00e9lectriques est id\u00e9ale pour les habitants du territoire de Granville Terre &amp; Mer qui souhaitent tester ce mode de transport \u00e9coresponsable avant d\u2019investir. Que ce soit pour vos trajets quotidiens, vos loisirs, ou simplement pour go\u00fbter \u00e0 la mobilit\u00e9 douce, ce service est con\u00e7u pour vous.<\/p>\t\t\t\t\t\t\t\t<\/div>\n\t\t\t\t<\/div>\n\t\t\t\t\t<\/div>\n\t\t<\/div>\n\t\t\t\t\t<\/div>\n\t\t<\/section>\n\t\t\t\t<section class=\"elementor-section elementor-top-section elementor-element elementor-element-0818b12 elementor-section-boxed elementor-section-height-default elementor-section-height-default\" data-id=\"0818b12\" data-element_type=\"section\" data-e-type=\"section\">\n\t\t\t\t\t\t<div class=\"elementor-container elementor-column-gap-default\">\n\t\t\t\t\t<div class=\"elementor-column elementor-col-100 elementor-top-column elementor-element elementor-element-60f3e5d\" data-id=\"60f3e5d\" data-element_type=\"column\" data-e-type=\"column\">\n\t\t\t<div class=\"elementor-widget-wrap elementor-element-populated\">\n\t\t\t\t\t\t<div class=\"elementor-element elementor-element-df1e9b5 elementor-widget elementor-widget-heading\" data-id=\"df1e9b5\" data-element_type=\"widget\" data-e-type=\"widget\" data-widget_type=\"heading.default\">\n\t\t\t\t<div class=\"elementor-widget-container\">\n\t\t\t\t\t<span class=\"elementor-heading-title elementor-size-default\">Qui peut en b\u00e9n\u00e9ficier ?<\/span>\t\t\t\t<\/div>\n\t\t\t\t<\/div>\n\t\t\t\t\t<\/div>\n\t\t<\/div>\n\t\t\t\t\t<\/div>\n\t\t<\/section>\n\t\t\t\t<section class=\"elementor-section elementor-top-section elementor-element elementor-element-f7015cc elementor-section-boxed elementor-section-height-default elementor-section-height-default\" data-id=\"f7015cc\" data-element_type=\"section\" data-e-type=\"section\">\n\t\t\t\t\t\t<div class=\"elementor-container elementor-column-gap-default\">\n\t\t\t\t\t<div class=\"elementor-column elementor-col-100 elementor-top-column elementor-element elementor-element-ae45806\" data-id=\"ae45806\" data-element_type=\"column\" data-e-type=\"column\">\n\t\t\t<div class=\"elementor-widget-wrap elementor-element-populated\">\n\t\t\t\t\t\t<div class=\"elementor-element elementor-element-3080bd9 elementor-widget elementor-widget-text-editor\" data-id=\"3080bd9\" data-element_type=\"widget\" data-e-type=\"widget\" data-widget_type=\"text-editor.default\">\n\t\t\t\t<div class=\"elementor-widget-container\">\n\t\t\t\t\t\t\t\t\t<p>Tous les r\u00e9sidents permanents du territoire, \u00e2g\u00e9s de 16 ans et plus, peuvent profiter de cette opportunit\u00e9. Une seule location est autoris\u00e9e par foyer, pour des dur\u00e9es de 1, 3 ou 6 mois selon vos besoins.<\/p>\t\t\t\t\t\t\t\t<\/div>\n\t\t\t\t<\/div>\n\t\t\t\t\t<\/div>\n\t\t<\/div>\n\t\t\t\t\t<\/div>\n\t\t<\/section>\n\t\t\t\t<section class=\"elementor-section elementor-top-section elementor-element elementor-element-26d80d9 elementor-section-boxed elementor-section-height-default elementor-section-height-default\" data-id=\"26d80d9\" data-element_type=\"section\" data-e-type=\"section\">\n\t\t\t\t\t\t<div class=\"elementor-container elementor-column-gap-default\">\n\t\t\t\t\t<div class=\"elementor-column elementor-col-100 elementor-top-column elementor-element elementor-element-a32cf79\" data-id=\"a32cf79\" data-element_type=\"column\" data-e-type=\"column\">\n\t\t\t<div class=\"elementor-widget-wrap elementor-element-populated\">\n\t\t\t\t\t\t<div class=\"elementor-element elementor-element-84f19a0 elementor-widget elementor-widget-heading\" data-id=\"84f19a0\" data-element_type=\"widget\" data-e-type=\"widget\" data-widget_type=\"heading.default\">\n\t\t\t\t<div class=\"elementor-widget-container\">\n\t\t\t\t\t<span class=\"elementor-heading-title elementor-size-default\">Comment proc\u00e9der \u00e0 la location ?<\/span>\t\t\t\t<\/div>\n\t\t\t\t<\/div>\n\t\t\t\t\t<\/div>\n\t\t<\/div>\n\t\t\t\t\t<\/div>\n\t\t<\/section>\n\t\t\t\t<section class=\"elementor-section elementor-top-section elementor-element elementor-element-7f00b72 elementor-section-boxed elementor-section-height-default elementor-section-height-default\" data-id=\"7f00b72\" data-element_type=\"section\" data-e-type=\"section\">\n\t\t\t\t\t\t<div class=\"elementor-container elementor-column-gap-default\">\n\t\t\t\t\t<div class=\"elementor-column elementor-col-100 elementor-top-column elementor-element elementor-element-8fffe73\" data-id=\"8fffe73\" data-element_type=\"column\" data-e-type=\"column\">\n\t\t\t<div class=\"elementor-widget-wrap elementor-element-populated\">\n\t\t\t\t\t\t<div class=\"elementor-element elementor-element-6af3397 elementor-widget elementor-widget-text-editor\" data-id=\"6af3397\" data-element_type=\"widget\" data-e-type=\"widget\" data-widget_type=\"text-editor.default\">\n\t\t\t\t<div class=\"elementor-widget-container\">\n\t\t\t\t\t\t\t\t\t<p>La d\u00e9marche est simple et rapide :<\/p><ol><li>Remplissez le formulaire de r\u00e9servation<a href=\"https:\/\/www.granville-terre-mer.fr\/mobilites\/velo-et-mobilites-actives\/reservez-votre-velo-a-assistance-electrique-vae.html\" target=\"_blank\" rel=\"noopener\"> sur le site de Granville Terre &amp; Mer<\/a>.<\/li><li>Si un v\u00e9lo est disponible, vous recevrez un contrat et les conditions g\u00e9n\u00e9rales. Sinon, vous serez plac\u00e9 sur liste d\u2019attente.<\/li><li>Apr\u00e8s avoir sign\u00e9 le contrat et fourni les documents n\u00e9cessaires (pi\u00e8ce d\u2019identit\u00e9, justificatif de domicile, attestation d\u2019assurance), vous recevrez les modalit\u00e9s de retrait du v\u00e9lo.<\/li><li>Le paiement se fait \u00e0 r\u00e9ception de la facture envoy\u00e9e par le Tr\u00e9sor Public.<\/li><\/ol>\t\t\t\t\t\t\t\t<\/div>\n\t\t\t\t<\/div>\n\t\t\t\t\t<\/div>\n\t\t<\/div>\n\t\t\t\t\t<\/div>\n\t\t<\/section>\n\t\t\t\t<section class=\"elementor-section elementor-top-section elementor-element elementor-element-4838379 elementor-section-boxed elementor-section-height-default elementor-section-height-default\" data-id=\"4838379\" data-element_type=\"section\" data-e-type=\"section\">\n\t\t\t\t\t\t<div class=\"elementor-container elementor-column-gap-default\">\n\t\t\t\t\t<div class=\"elementor-column elementor-col-100 elementor-top-column elementor-element elementor-element-22e1805\" data-id=\"22e1805\" data-element_type=\"column\" data-e-type=\"column\">\n\t\t\t<div class=\"elementor-widget-wrap elementor-element-populated\">\n\t\t\t\t\t\t<div class=\"elementor-element elementor-element-0099a6d elementor-widget elementor-widget-heading\" data-id=\"0099a6d\" data-element_type=\"widget\" data-e-type=\"widget\" data-widget_type=\"heading.default\">\n\t\t\t\t<div class=\"elementor-widget-container\">\n\t\t\t\t\t<span class=\"elementor-heading-title elementor-size-default\">Une offre solidaire pour les jeunes en recherche d\u2019emploi<\/span>\t\t\t\t<\/div>\n\t\t\t\t<\/div>\n\t\t\t\t\t<\/div>\n\t\t<\/div>\n\t\t\t\t\t<\/div>\n\t\t<\/section>\n\t\t\t\t<section class=\"elementor-section elementor-top-section elementor-element elementor-element-8e66377 elementor-section-boxed elementor-section-height-default elementor-section-height-default\" data-id=\"8e66377\" data-element_type=\"section\" data-e-type=\"section\">\n\t\t\t\t\t\t<div class=\"elementor-container elementor-column-gap-default\">\n\t\t\t\t\t<div class=\"elementor-column elementor-col-100 elementor-top-column elementor-element elementor-element-67ab230\" data-id=\"67ab230\" data-element_type=\"column\" data-e-type=\"column\">\n\t\t\t<div class=\"elementor-widget-wrap elementor-element-populated\">\n\t\t\t\t\t\t<div class=\"elementor-element elementor-element-7dfb8bb elementor-widget elementor-widget-text-editor\" data-id=\"7dfb8bb\" data-element_type=\"widget\" data-e-type=\"widget\" data-widget_type=\"text-editor.default\">\n\t\t\t\t<div class=\"elementor-widget-container\">\n\t\t\t\t\t\t\t\t\t<p>Vous avez 16 ans ou plus, \u00eates sans moyen de locomotion et avez besoin de vous d\u00e9placer pour vos d\u00e9marches de formation, apprentissage ou recherche d\u2019emploi\u00a0? GTM peut vous louer un v\u00e9lo \u00e0 assistance \u00e9lectrique \u00e0 petit prix, gr\u00e2ce \u00e0 son service de location de v\u00e9hicules solidaire (qui propose aussi scooter et voiture avec ou sans permis). Rapprochez-vous de votre r\u00e9f\u00e9rent social, emploi ou mobilit\u00e9, qui remplira avec vous une fiche de prescription.<\/p>\t\t\t\t\t\t\t\t<\/div>\n\t\t\t\t<\/div>\n\t\t\t\t\t<\/div>\n\t\t<\/div>\n\t\t\t\t\t<\/div>\n\t\t<\/section>\n\t\t\t\t<\/div>\n\t\t","protected":false},"excerpt":{"rendered":"<p>La location de v\u00e9los \u00e9lectriques \u00e0 Granville Terre &amp; Mer : Essayez avant d\u2019acheter ! Vous \u00eates curieux de d\u00e9couvrir les avantages d\u2019un v\u00e9lo \u00e0 assistance \u00e9lectrique (VAE) avant de vous engager dans un&#46;&#46;&#46;<\/p>\n","protected":false},"author":2,"featured_media":7655,"comment_status":"open","ping_status":"open","sticky":false,"template":"","format":"standard","meta":{"footnotes":""},"categories":[1],"tags":[],"class_list":["post-7654","post","type-post","status-publish","format-standard","has-post-thumbnail","hentry","category-vie-commune"],"_links":{"self":[{"href":"https:\/\/anctovillesurboscq.fr\/index.php?rest_route=\/wp\/v2\/posts\/7654"}],"collection":[{"href":"https:\/\/anctovillesurboscq.fr\/index.php?rest_route=\/wp\/v2\/posts"}],"about":[{"href":"https:\/\/anctovillesurboscq.fr\/index.php?rest_route=\/wp\/v2\/types\/post"}],"author":[{"embeddable":true,"href":"https:\/\/anctovillesurboscq.fr\/index.php?rest_route=\/wp\/v2\/users\/2"}],"replies":[{"embeddable":true,"href":"https:\/\/anctovillesurboscq.fr\/index.php?rest_route=%2Fwp%2Fv2%2Fcomments&post=7654"}],"version-history":[{"count":0,"href":"https:\/\/anctovillesurboscq.fr\/index.php?rest_route=\/wp\/v2\/posts\/7654\/revisions"}],"wp:featuredmedia":[{"embeddable":true,"href":"https:\/\/anctovillesurboscq.fr\/index.php?rest_route=\/wp\/v2\/media\/7655"}],"wp:attachment":[{"href":"https:\/\/anctovillesurboscq.fr\/index.php?rest_route=%2Fwp%2Fv2%2Fmedia&parent=7654"}],"wp:term":[{"taxonomy":"category","embeddable":true,"href":"https:\/\/anctovillesurboscq.fr\/index.php?rest_route=%2Fwp%2Fv2%2Fcategories&post=7654"},{"taxonomy":"post_tag","embeddable":true,"href":"https:\/\/anctovillesurboscq.fr\/index.php?rest_route=%2Fwp%2Fv2%2Ftags&post=7654"}],"curies":[{"name":"wp","href":"https:\/\/api.w.org\/{rel}","templated":true}]}}