{"id":7487,"date":"2024-09-02T12:25:40","date_gmt":"2024-09-02T10:25:40","guid":{"rendered":"https:\/\/anctovillesurboscq.fr\/?p=7487"},"modified":"2024-09-02T12:33:23","modified_gmt":"2024-09-02T10:33:23","slug":"broyage-de-vegetaux-a-domicile","status":"publish","type":"post","link":"https:\/\/anctovillesurboscq.fr\/?p=7487","title":{"rendered":"Broyage de v\u00e9g\u00e9taux \u00e0 domicile"},"content":{"rendered":"\t\t<div data-elementor-type=\"wp-post\" data-elementor-id=\"7487\" class=\"elementor elementor-7487\">\n\t\t\t\t\t\t<section class=\"elementor-section elementor-top-section elementor-element elementor-element-66fe876 elementor-section-boxed elementor-section-height-default elementor-section-height-default\" data-id=\"66fe876\" data-element_type=\"section\" data-e-type=\"section\">\n\t\t\t\t\t\t<div class=\"elementor-container elementor-column-gap-default\">\n\t\t\t\t\t<div class=\"elementor-column elementor-col-100 elementor-top-column elementor-element elementor-element-134e971\" data-id=\"134e971\" data-element_type=\"column\" data-e-type=\"column\">\n\t\t\t<div class=\"elementor-widget-wrap elementor-element-populated\">\n\t\t\t\t\t\t<div class=\"elementor-element elementor-element-ad240aa elementor-widget elementor-widget-text-editor\" data-id=\"ad240aa\" data-element_type=\"widget\" data-e-type=\"widget\" data-widget_type=\"text-editor.default\">\n\t\t\t\t<div class=\"elementor-widget-container\">\n\t\t\t\t\t\t\t\t\t<p>Le service de broyage de v\u00e9g\u00e9taux \u00e0 domicile propos\u00e9 par Granville Terre et Mer \u00e0 tous ses habitants est reconduit <strong><u>du 3 septembre 2024 au 15 mars 2025.<\/u><\/strong> La prestation est assur\u00e9e par 3 agents en parcours d\u2019insertion d\u2019OSE Environnement.<\/p><p>L\u2019objectif de ce service est de favoriser les bonnes pratiques au jardin. <strong>Le broyat obtenu est laiss\u00e9 au domicile de l\u2019usager qui peut l\u2019utiliser pour pailler son jardin ou encore enrichir son compost.<\/strong> Les usagers int\u00e9ress\u00e9s sont vivement incit\u00e9s \u00e0 en parler autour d\u2019eux afin de mutualiser cette prestation avec leurs voisins ou amis, diminuant ainsi encore l\u2019empreinte carbone du service\u00a0!<\/p><p>Pour r\u00e9pondre aux besoins d\u2019un plus grand nombre, <strong>les horaires des prestations ont \u00e9t\u00e9 \u00e9largies avec d\u00e9sormais des cr\u00e9neaux le vendredi et le samedi matin.<\/strong> Les prestations peuvent donc avoir lieu du mardi au vendredi de 8 h 30 \u00e0 11 h 30 et de 13 h 30 \u00e0 15 h 30 et le samedi de 8 h 30 \u00e0 11 h 30.<\/p><p><strong>Le service est factur\u00e9 40 \u20ac \u00e0 l\u2019usager pour la 1<sup>\u00e8re<\/sup> heure d\u2019intervention<\/strong>, Granville Terre et Mer prenant \u00e0 sa charge 70 \u20ac, soit un co\u00fbt total de 110 \u20ac. La demi-heure suppl\u00e9mentaire est factur\u00e9e 55 \u20ac, enti\u00e8rement \u00e0 la charge de l\u2019usager.<\/p><p><strong>La prise de rendez-vous se fait directement aupr\u00e8s d\u2019OSE Environnement, le lundi et vendredi de 9h \u00e0 12h et de 14h \u00e0 16h.<\/strong> L\u2019usager doit prendre connaissance du r\u00e8glement du service et compl\u00e9ter le bulletin d\u2019inscription avant toute intervention.<\/p>\t\t\t\t\t\t\t\t<\/div>\n\t\t\t\t<\/div>\n\t\t\t\t\t<\/div>\n\t\t<\/div>\n\t\t\t\t\t<\/div>\n\t\t<\/section>\n\t\t\t\t<section class=\"elementor-section elementor-top-section elementor-element elementor-element-7e100f7 elementor-section-boxed elementor-section-height-default elementor-section-height-default\" data-id=\"7e100f7\" data-element_type=\"section\" data-e-type=\"section\">\n\t\t\t\t\t\t<div class=\"elementor-container elementor-column-gap-default\">\n\t\t\t\t\t<div class=\"elementor-column elementor-col-100 elementor-top-column elementor-element elementor-element-7c4b555\" data-id=\"7c4b555\" data-element_type=\"column\" data-e-type=\"column\">\n\t\t\t<div class=\"elementor-widget-wrap elementor-element-populated\">\n\t\t\t\t\t\t<div class=\"elementor-element elementor-element-0426a71 elementor-widget elementor-widget-text-editor\" data-id=\"0426a71\" data-element_type=\"widget\" data-e-type=\"widget\" data-widget_type=\"text-editor.default\">\n\t\t\t\t<div class=\"elementor-widget-container\">\n\t\t\t\t\t\t\t\t\t<p>OSE Environnement &#8211; 02 33 90 66 00 \/ broyage@ose-granville.fr<\/p><p>Pour retrouver les documents et pour plus d\u2019informations rendez-vous sur <a href=\"https:\/\/www.granville-terre-mer.fr\/dechets\/les-bons-gestes-pour-reduire-ses-dechets\/service-de-broyage-a-domicile.html\" target=\"_blank\" rel=\"noopener\">granville-terre-mer.fr<\/a><\/p>\t\t\t\t\t\t\t\t<\/div>\n\t\t\t\t<\/div>\n\t\t\t\t\t<\/div>\n\t\t<\/div>\n\t\t\t\t\t<\/div>\n\t\t<\/section>\n\t\t\t\t<section class=\"elementor-section elementor-top-section elementor-element elementor-element-df67525 elementor-section-boxed elementor-section-height-default elementor-section-height-default\" data-id=\"df67525\" data-element_type=\"section\" data-e-type=\"section\">\n\t\t\t\t\t\t<div class=\"elementor-container elementor-column-gap-default\">\n\t\t\t\t\t<div class=\"elementor-column elementor-col-100 elementor-top-column elementor-element elementor-element-ebe59c6\" data-id=\"ebe59c6\" data-element_type=\"column\" data-e-type=\"column\">\n\t\t\t<div class=\"elementor-widget-wrap elementor-element-populated\">\n\t\t\t\t\t\t<div class=\"elementor-element elementor-element-7f879eb elementor-widget elementor-widget-image\" data-id=\"7f879eb\" data-element_type=\"widget\" data-e-type=\"widget\" data-widget_type=\"image.default\">\n\t\t\t\t<div class=\"elementor-widget-container\">\n\t\t\t\t\t\t\t\t\t\t\t\t\t\t\t<img fetchpriority=\"high\" decoding=\"async\" width=\"648\" height=\"897\" src=\"https:\/\/anctovillesurboscq.fr\/wp-content\/uploads\/2024\/09\/BROYAGE-VEGETAUX.jpg\" class=\"attachment-large size-large wp-image-7490\" alt=\"\" srcset=\"https:\/\/anctovillesurboscq.fr\/wp-content\/uploads\/2024\/09\/BROYAGE-VEGETAUX.jpg 648w, https:\/\/anctovillesurboscq.fr\/wp-content\/uploads\/2024\/09\/BROYAGE-VEGETAUX-217x300.jpg 217w\" sizes=\"(max-width: 648px) 100vw, 648px\" \/>\t\t\t\t\t\t\t\t\t\t\t\t\t\t\t<\/div>\n\t\t\t\t<\/div>\n\t\t\t\t\t<\/div>\n\t\t<\/div>\n\t\t\t\t\t<\/div>\n\t\t<\/section>\n\t\t\t\t<\/div>\n\t\t","protected":false},"excerpt":{"rendered":"<p>Le service de broyage de v\u00e9g\u00e9taux \u00e0 domicile propos\u00e9 par Granville Terre et Mer \u00e0 tous ses habitants est reconduit du 3 septembre 2024 au 15 mars 2025. La prestation est assur\u00e9e par 3&#46;&#46;&#46;<\/p>\n","protected":false},"author":2,"featured_media":7498,"comment_status":"open","ping_status":"open","sticky":false,"template":"","format":"standard","meta":{"footnotes":""},"categories":[16,17,1],"tags":[],"class_list":["post-7487","post","type-post","status-publish","format-standard","has-post-thumbnail","hentry","category-dechets","category-intercommunalite","category-vie-commune"],"_links":{"self":[{"href":"https:\/\/anctovillesurboscq.fr\/index.php?rest_route=\/wp\/v2\/posts\/7487"}],"collection":[{"href":"https:\/\/anctovillesurboscq.fr\/index.php?rest_route=\/wp\/v2\/posts"}],"about":[{"href":"https:\/\/anctovillesurboscq.fr\/index.php?rest_route=\/wp\/v2\/types\/post"}],"author":[{"embeddable":true,"href":"https:\/\/anctovillesurboscq.fr\/index.php?rest_route=\/wp\/v2\/users\/2"}],"replies":[{"embeddable":true,"href":"https:\/\/anctovillesurboscq.fr\/index.php?rest_route=%2Fwp%2Fv2%2Fcomments&post=7487"}],"version-history":[{"count":0,"href":"https:\/\/anctovillesurboscq.fr\/index.php?rest_route=\/wp\/v2\/posts\/7487\/revisions"}],"wp:featuredmedia":[{"embeddable":true,"href":"https:\/\/anctovillesurboscq.fr\/index.php?rest_route=\/wp\/v2\/media\/7498"}],"wp:attachment":[{"href":"https:\/\/anctovillesurboscq.fr\/index.php?rest_route=%2Fwp%2Fv2%2Fmedia&parent=7487"}],"wp:term":[{"taxonomy":"category","embeddable":true,"href":"https:\/\/anctovillesurboscq.fr\/index.php?rest_route=%2Fwp%2Fv2%2Fcategories&post=7487"},{"taxonomy":"post_tag","embeddable":true,"href":"https:\/\/anctovillesurboscq.fr\/index.php?rest_route=%2Fwp%2Fv2%2Ftags&post=7487"}],"curies":[{"name":"wp","href":"https:\/\/api.w.org\/{rel}","templated":true}]}}