{"id":7070,"date":"2024-03-11T10:14:22","date_gmt":"2024-03-11T09:14:22","guid":{"rendered":"https:\/\/anctovillesurboscq.fr\/?p=7070"},"modified":"2024-03-22T16:14:20","modified_gmt":"2024-03-22T15:14:20","slug":"salon-de-lhabitat","status":"publish","type":"post","link":"https:\/\/anctovillesurboscq.fr\/?p=7070","title":{"rendered":"SALON DE L\u2019HABITAT"},"content":{"rendered":"\t\t<div data-elementor-type=\"wp-post\" data-elementor-id=\"7070\" class=\"elementor elementor-7070\">\n\t\t\t\t\t\t<section class=\"elementor-section elementor-top-section elementor-element elementor-element-65592be elementor-section-boxed elementor-section-height-default elementor-section-height-default\" data-id=\"65592be\" data-element_type=\"section\" data-e-type=\"section\">\n\t\t\t\t\t\t<div class=\"elementor-container elementor-column-gap-default\">\n\t\t\t\t\t<div class=\"elementor-column elementor-col-100 elementor-top-column elementor-element elementor-element-1d7cf33\" data-id=\"1d7cf33\" data-element_type=\"column\" data-e-type=\"column\">\n\t\t\t<div class=\"elementor-widget-wrap elementor-element-populated\">\n\t\t\t\t\t\t<div class=\"elementor-element elementor-element-3fa93e3 elementor-widget elementor-widget-text-editor\" data-id=\"3fa93e3\" data-element_type=\"widget\" data-e-type=\"widget\" data-widget_type=\"text-editor.default\">\n\t\t\t\t<div class=\"elementor-widget-container\">\n\t\t\t\t\t\t\t\t\t<p>Le service public d&rsquo;information et de conseil GTM Renov&rsquo; sera pr\u00e9sent au Salon de l&rsquo;Habitat de Granville, qui se tiendra du 22 au 24 mars 2024. L&rsquo;occasion pour les visiteurs de rencontrer les experts de GTM Renov&rsquo; et de ses partenaires, Les 7 Vents et SOliHA, et de b\u00e9n\u00e9ficier de conseils gratuits et personnalis\u00e9s sur la r\u00e9novation \u00e9nerg\u00e9tique et l&rsquo;adaptation du logement.<\/p>\t\t\t\t\t\t\t\t<\/div>\n\t\t\t\t<\/div>\n\t\t\t\t\t<\/div>\n\t\t<\/div>\n\t\t\t\t\t<\/div>\n\t\t<\/section>\n\t\t\t\t<section class=\"elementor-section elementor-top-section elementor-element elementor-element-c75a0bd elementor-section-boxed elementor-section-height-default elementor-section-height-default\" data-id=\"c75a0bd\" data-element_type=\"section\" data-e-type=\"section\">\n\t\t\t\t\t\t<div class=\"elementor-container elementor-column-gap-default\">\n\t\t\t\t\t<div class=\"elementor-column elementor-col-100 elementor-top-column elementor-element elementor-element-e7ccaa3\" data-id=\"e7ccaa3\" data-element_type=\"column\" data-e-type=\"column\">\n\t\t\t<div class=\"elementor-widget-wrap elementor-element-populated\">\n\t\t\t\t\t\t<div class=\"elementor-element elementor-element-1bfbc45 elementor-widget elementor-widget-heading\" data-id=\"1bfbc45\" data-element_type=\"widget\" data-e-type=\"widget\" data-widget_type=\"heading.default\">\n\t\t\t\t<div class=\"elementor-widget-container\">\n\t\t\t\t\t<div class=\"elementor-heading-title elementor-size-default\">Un accompagnement complet et personnalis\u00e9<\/div>\t\t\t\t<\/div>\n\t\t\t\t<\/div>\n\t\t\t\t\t<\/div>\n\t\t<\/div>\n\t\t\t\t\t<\/div>\n\t\t<\/section>\n\t\t\t\t<section class=\"elementor-section elementor-top-section elementor-element elementor-element-26eaed9 elementor-section-boxed elementor-section-height-default elementor-section-height-default\" data-id=\"26eaed9\" data-element_type=\"section\" data-e-type=\"section\">\n\t\t\t\t\t\t<div class=\"elementor-container elementor-column-gap-default\">\n\t\t\t\t\t<div class=\"elementor-column elementor-col-100 elementor-top-column elementor-element elementor-element-0097dc9\" data-id=\"0097dc9\" data-element_type=\"column\" data-e-type=\"column\">\n\t\t\t<div class=\"elementor-widget-wrap elementor-element-populated\">\n\t\t\t\t\t\t<div class=\"elementor-element elementor-element-94c8411 elementor-widget elementor-widget-text-editor\" data-id=\"94c8411\" data-element_type=\"widget\" data-e-type=\"widget\" data-widget_type=\"text-editor.default\">\n\t\t\t\t<div class=\"elementor-widget-container\">\n\t\t\t\t\t\t\t\t\t<p><strong>Les 7 Vents<\/strong>, animateur de GTM Renov&rsquo;, guidera les propri\u00e9taires (bailleurs ou occupants) dans leurs d\u00e9marches de r\u00e9novation \u00e9nerg\u00e9tique. L&rsquo;\u00e9quipe apportera une assistance technique et administrative gratuite, neutre, ind\u00e9pendante et professionnelle, et aidera les particuliers \u00e0 s&rsquo;y retrouver dans la jungle des aides existantes.<\/p><p><strong>SOliHA<\/strong>, op\u00e9rateur choisi par GTM, accompagnera les b\u00e9n\u00e9ficiaires de l&rsquo;Op\u00e9ration programm\u00e9e d&rsquo;am\u00e9lioration de l&rsquo;habitat (OPAH) tout au long de leurs d\u00e9marches. L&rsquo;organisme les guidera dans leurs choix de travaux (r\u00e9novation \u00e9nerg\u00e9tique et adaptation au maintien \u00e0 domicile), \u00e9tablira un diagnostic technique de leur logement, les informera sur les subventions existantes et les accompagnera dans le montage de leurs demandes de financement, jusqu&rsquo;au paiement des aides.<\/p>\t\t\t\t\t\t\t\t<\/div>\n\t\t\t\t<\/div>\n\t\t\t\t\t<\/div>\n\t\t<\/div>\n\t\t\t\t\t<\/div>\n\t\t<\/section>\n\t\t\t\t<section class=\"elementor-section elementor-top-section elementor-element elementor-element-b6deba4 elementor-section-boxed elementor-section-height-default elementor-section-height-default\" data-id=\"b6deba4\" data-element_type=\"section\" data-e-type=\"section\">\n\t\t\t\t\t\t<div class=\"elementor-container elementor-column-gap-default\">\n\t\t\t\t\t<div class=\"elementor-column elementor-col-100 elementor-top-column elementor-element elementor-element-7946b7b\" data-id=\"7946b7b\" data-element_type=\"column\" data-e-type=\"column\">\n\t\t\t<div class=\"elementor-widget-wrap elementor-element-populated\">\n\t\t\t\t\t\t<div class=\"elementor-element elementor-element-07f91c0 elementor-widget elementor-widget-heading\" data-id=\"07f91c0\" data-element_type=\"widget\" data-e-type=\"widget\" data-widget_type=\"heading.default\">\n\t\t\t\t<div class=\"elementor-widget-container\">\n\t\t\t\t\t<div class=\"elementor-heading-title elementor-size-default\">Un stand commun pour une information compl\u00e8te<\/div>\t\t\t\t<\/div>\n\t\t\t\t<\/div>\n\t\t\t\t\t<\/div>\n\t\t<\/div>\n\t\t\t\t\t<\/div>\n\t\t<\/section>\n\t\t\t\t<section class=\"elementor-section elementor-top-section elementor-element elementor-element-1b7085a elementor-section-boxed elementor-section-height-default elementor-section-height-default\" data-id=\"1b7085a\" data-element_type=\"section\" data-e-type=\"section\">\n\t\t\t\t\t\t<div class=\"elementor-container elementor-column-gap-default\">\n\t\t\t\t\t<div class=\"elementor-column elementor-col-100 elementor-top-column elementor-element elementor-element-0220276\" data-id=\"0220276\" data-element_type=\"column\" data-e-type=\"column\">\n\t\t\t<div class=\"elementor-widget-wrap elementor-element-populated\">\n\t\t\t\t\t\t<div class=\"elementor-element elementor-element-53a342f elementor-widget elementor-widget-text-editor\" data-id=\"53a342f\" data-element_type=\"widget\" data-e-type=\"widget\" data-widget_type=\"text-editor.default\">\n\t\t\t\t<div class=\"elementor-widget-container\">\n\t\t\t\t\t\t\t\t\t<p>Les \u00e9quipes de GTM Renov&rsquo;, Les 7 Vents et SOliHA seront pr\u00e9sentes sur un stand commun au Salon de l&rsquo;Habitat. Les visiteurs pourront y obtenir des informations neutres et gratuites sur les diff\u00e9rentes possibilit\u00e9s de r\u00e9novation, les aides financi\u00e8res disponibles et les d\u00e9marches \u00e0 suivre.<\/p>\t\t\t\t\t\t\t\t<\/div>\n\t\t\t\t<\/div>\n\t\t\t\t\t<\/div>\n\t\t<\/div>\n\t\t\t\t\t<\/div>\n\t\t<\/section>\n\t\t\t\t<section class=\"elementor-section elementor-top-section elementor-element elementor-element-83b1994 elementor-section-boxed elementor-section-height-default elementor-section-height-default\" data-id=\"83b1994\" data-element_type=\"section\" data-e-type=\"section\">\n\t\t\t\t\t\t<div class=\"elementor-container elementor-column-gap-default\">\n\t\t\t\t\t<div class=\"elementor-column elementor-col-100 elementor-top-column elementor-element elementor-element-1b6ae19\" data-id=\"1b6ae19\" data-element_type=\"column\" data-e-type=\"column\">\n\t\t\t<div class=\"elementor-widget-wrap elementor-element-populated\">\n\t\t\t\t\t\t<div class=\"elementor-element elementor-element-09312aa elementor-widget elementor-widget-heading\" data-id=\"09312aa\" data-element_type=\"widget\" data-e-type=\"widget\" data-widget_type=\"heading.default\">\n\t\t\t\t<div class=\"elementor-widget-container\">\n\t\t\t\t\t<div class=\"elementor-heading-title elementor-size-default\">Nouveaut\u00e9 : une foire aux plantes en ext\u00e9rieur<\/div>\t\t\t\t<\/div>\n\t\t\t\t<\/div>\n\t\t\t\t\t<\/div>\n\t\t<\/div>\n\t\t\t\t\t<\/div>\n\t\t<\/section>\n\t\t\t\t<section class=\"elementor-section elementor-top-section elementor-element elementor-element-f1d89a2 elementor-section-boxed elementor-section-height-default elementor-section-height-default\" data-id=\"f1d89a2\" data-element_type=\"section\" data-e-type=\"section\">\n\t\t\t\t\t\t<div class=\"elementor-container elementor-column-gap-default\">\n\t\t\t\t\t<div class=\"elementor-column elementor-col-100 elementor-top-column elementor-element elementor-element-c42a8ef\" data-id=\"c42a8ef\" data-element_type=\"column\" data-e-type=\"column\">\n\t\t\t<div class=\"elementor-widget-wrap elementor-element-populated\">\n\t\t\t\t\t\t<div class=\"elementor-element elementor-element-726ec1c elementor-widget elementor-widget-text-editor\" data-id=\"726ec1c\" data-element_type=\"widget\" data-e-type=\"widget\" data-widget_type=\"text-editor.default\">\n\t\t\t\t<div class=\"elementor-widget-container\">\n\t\t\t\t\t\t\t\t\t<p>Cette ann\u00e9e, le Salon de l&rsquo;Habitat proposera une nouveaut\u00e9 : une foire aux plantes en ext\u00e9rieur.<\/p>\t\t\t\t\t\t\t\t<\/div>\n\t\t\t\t<\/div>\n\t\t\t\t\t<\/div>\n\t\t<\/div>\n\t\t\t\t\t<\/div>\n\t\t<\/section>\n\t\t\t\t<section class=\"elementor-section elementor-top-section elementor-element elementor-element-fb6c6da elementor-section-boxed elementor-section-height-default elementor-section-height-default\" data-id=\"fb6c6da\" data-element_type=\"section\" data-e-type=\"section\">\n\t\t\t\t\t\t<div class=\"elementor-container elementor-column-gap-default\">\n\t\t\t\t\t<div class=\"elementor-column elementor-col-100 elementor-top-column elementor-element elementor-element-a2596a5\" data-id=\"a2596a5\" data-element_type=\"column\" data-e-type=\"column\">\n\t\t\t<div class=\"elementor-widget-wrap elementor-element-populated\">\n\t\t\t\t\t\t<div class=\"elementor-element elementor-element-619148a elementor-widget elementor-widget-image\" data-id=\"619148a\" data-element_type=\"widget\" data-e-type=\"widget\" data-widget_type=\"image.default\">\n\t\t\t\t<div class=\"elementor-widget-container\">\n\t\t\t\t\t\t\t\t\t\t\t\t\t\t\t<img fetchpriority=\"high\" decoding=\"async\" width=\"359\" height=\"508\" src=\"https:\/\/anctovillesurboscq.fr\/wp-content\/uploads\/2024\/03\/salon-de-lhabitat.png\" class=\"attachment-large size-large wp-image-7071\" alt=\"\" srcset=\"https:\/\/anctovillesurboscq.fr\/wp-content\/uploads\/2024\/03\/salon-de-lhabitat.png 359w, https:\/\/anctovillesurboscq.fr\/wp-content\/uploads\/2024\/03\/salon-de-lhabitat-212x300.png 212w\" sizes=\"(max-width: 359px) 100vw, 359px\" \/>\t\t\t\t\t\t\t\t\t\t\t\t\t\t\t<\/div>\n\t\t\t\t<\/div>\n\t\t\t\t\t<\/div>\n\t\t<\/div>\n\t\t\t\t\t<\/div>\n\t\t<\/section>\n\t\t\t\t<\/div>\n\t\t","protected":false},"excerpt":{"rendered":"<p>Le service public d&rsquo;information et de conseil GTM Renov&rsquo; sera pr\u00e9sent au Salon de l&rsquo;Habitat de Granville, qui se tiendra du 22 au 24 mars 2024. L&rsquo;occasion pour les visiteurs de rencontrer les experts&#46;&#46;&#46;<\/p>\n","protected":false},"author":2,"featured_media":7071,"comment_status":"open","ping_status":"open","sticky":false,"template":"","format":"standard","meta":{"footnotes":""},"categories":[17],"tags":[],"class_list":["post-7070","post","type-post","status-publish","format-standard","has-post-thumbnail","hentry","category-intercommunalite"],"_links":{"self":[{"href":"https:\/\/anctovillesurboscq.fr\/index.php?rest_route=\/wp\/v2\/posts\/7070"}],"collection":[{"href":"https:\/\/anctovillesurboscq.fr\/index.php?rest_route=\/wp\/v2\/posts"}],"about":[{"href":"https:\/\/anctovillesurboscq.fr\/index.php?rest_route=\/wp\/v2\/types\/post"}],"author":[{"embeddable":true,"href":"https:\/\/anctovillesurboscq.fr\/index.php?rest_route=\/wp\/v2\/users\/2"}],"replies":[{"embeddable":true,"href":"https:\/\/anctovillesurboscq.fr\/index.php?rest_route=%2Fwp%2Fv2%2Fcomments&post=7070"}],"version-history":[{"count":0,"href":"https:\/\/anctovillesurboscq.fr\/index.php?rest_route=\/wp\/v2\/posts\/7070\/revisions"}],"wp:featuredmedia":[{"embeddable":true,"href":"https:\/\/anctovillesurboscq.fr\/index.php?rest_route=\/wp\/v2\/media\/7071"}],"wp:attachment":[{"href":"https:\/\/anctovillesurboscq.fr\/index.php?rest_route=%2Fwp%2Fv2%2Fmedia&parent=7070"}],"wp:term":[{"taxonomy":"category","embeddable":true,"href":"https:\/\/anctovillesurboscq.fr\/index.php?rest_route=%2Fwp%2Fv2%2Fcategories&post=7070"},{"taxonomy":"post_tag","embeddable":true,"href":"https:\/\/anctovillesurboscq.fr\/index.php?rest_route=%2Fwp%2Fv2%2Ftags&post=7070"}],"curies":[{"name":"wp","href":"https:\/\/api.w.org\/{rel}","templated":true}]}}