{"id":7045,"date":"2024-02-28T14:28:41","date_gmt":"2024-02-28T13:28:41","guid":{"rendered":"https:\/\/anctovillesurboscq.fr\/?p=7045"},"modified":"2024-03-22T16:15:13","modified_gmt":"2024-03-22T15:15:13","slug":"projet-alimentaire-territorial-de-granville-terre-mer","status":"publish","type":"post","link":"https:\/\/anctovillesurboscq.fr\/?p=7045","title":{"rendered":"Projet Alimentaire Territorial de Granville Terre &#038; Mer"},"content":{"rendered":"\t\t<div data-elementor-type=\"wp-post\" data-elementor-id=\"7045\" class=\"elementor elementor-7045\">\n\t\t\t\t\t\t<section class=\"elementor-section elementor-top-section elementor-element elementor-element-5a53605 elementor-section-boxed elementor-section-height-default elementor-section-height-default\" data-id=\"5a53605\" data-element_type=\"section\" data-e-type=\"section\">\n\t\t\t\t\t\t<div class=\"elementor-container elementor-column-gap-default\">\n\t\t\t\t\t<div class=\"elementor-column elementor-col-100 elementor-top-column elementor-element elementor-element-7061a8c\" data-id=\"7061a8c\" data-element_type=\"column\" data-e-type=\"column\">\n\t\t\t<div class=\"elementor-widget-wrap elementor-element-populated\">\n\t\t\t\t\t\t<div class=\"elementor-element elementor-element-b5234db elementor-widget elementor-widget-text-editor\" data-id=\"b5234db\" data-element_type=\"widget\" data-e-type=\"widget\" data-widget_type=\"text-editor.default\">\n\t\t\t\t<div class=\"elementor-widget-container\">\n\t\t\t\t\t\t\t\t\t<p>D\u00e9couvrez le nouveau visage du Projet Alimentaire Territorial (PAT) de Granville Terre &amp; Mer, un site web ergonomique et complet pour une alimentation plus saine, locale et durable sur notre territoire.<\/p>\t\t\t\t\t\t\t\t<\/div>\n\t\t\t\t<\/div>\n\t\t\t\t\t<\/div>\n\t\t<\/div>\n\t\t\t\t\t<\/div>\n\t\t<\/section>\n\t\t\t\t<section class=\"elementor-section elementor-top-section elementor-element elementor-element-e279776 elementor-section-boxed elementor-section-height-default elementor-section-height-default\" data-id=\"e279776\" data-element_type=\"section\" data-e-type=\"section\">\n\t\t\t\t\t\t<div class=\"elementor-container elementor-column-gap-default\">\n\t\t\t\t\t<div class=\"elementor-column elementor-col-100 elementor-top-column elementor-element elementor-element-96b3958\" data-id=\"96b3958\" data-element_type=\"column\" data-e-type=\"column\">\n\t\t\t<div class=\"elementor-widget-wrap elementor-element-populated\">\n\t\t\t\t\t\t<div class=\"elementor-element elementor-element-25df605 elementor-widget elementor-widget-text-editor\" data-id=\"25df605\" data-element_type=\"widget\" data-e-type=\"widget\" data-widget_type=\"text-editor.default\">\n\t\t\t\t<div class=\"elementor-widget-container\">\n\t\t\t\t\t\t\t\t\t<p>Que vous soyez consommateur, producteur, artisan ou professionnel de la restauration collective, le site pat.granville-terre-mer.fr vous propose une navigation personnalis\u00e9e et enrichie de contenus utiles.<\/p>\t\t\t\t\t\t\t\t<\/div>\n\t\t\t\t<\/div>\n\t\t\t\t\t<\/div>\n\t\t<\/div>\n\t\t\t\t\t<\/div>\n\t\t<\/section>\n\t\t\t\t<section class=\"elementor-section elementor-top-section elementor-element elementor-element-b52bd93 elementor-section-boxed elementor-section-height-default elementor-section-height-default\" data-id=\"b52bd93\" data-element_type=\"section\" data-e-type=\"section\">\n\t\t\t\t\t\t<div class=\"elementor-container elementor-column-gap-default\">\n\t\t\t\t\t<div class=\"elementor-column elementor-col-100 elementor-top-column elementor-element elementor-element-ae0f427\" data-id=\"ae0f427\" data-element_type=\"column\" data-e-type=\"column\">\n\t\t\t<div class=\"elementor-widget-wrap elementor-element-populated\">\n\t\t\t\t\t\t<div class=\"elementor-element elementor-element-817ee02 elementor-widget elementor-widget-heading\" data-id=\"817ee02\" data-element_type=\"widget\" data-e-type=\"widget\" data-widget_type=\"heading.default\">\n\t\t\t\t<div class=\"elementor-widget-container\">\n\t\t\t\t\t<h5 class=\"elementor-heading-title elementor-size-default\">Un site pour tous<\/h5>\t\t\t\t<\/div>\n\t\t\t\t<\/div>\n\t\t\t\t\t<\/div>\n\t\t<\/div>\n\t\t\t\t\t<\/div>\n\t\t<\/section>\n\t\t\t\t<section class=\"elementor-section elementor-top-section elementor-element elementor-element-98e5ebe elementor-section-boxed elementor-section-height-default elementor-section-height-default\" data-id=\"98e5ebe\" data-element_type=\"section\" data-e-type=\"section\">\n\t\t\t\t\t\t<div class=\"elementor-container elementor-column-gap-default\">\n\t\t\t\t\t<div class=\"elementor-column elementor-col-100 elementor-top-column elementor-element elementor-element-0099bc1\" data-id=\"0099bc1\" data-element_type=\"column\" data-e-type=\"column\">\n\t\t\t<div class=\"elementor-widget-wrap elementor-element-populated\">\n\t\t\t\t\t\t<div class=\"elementor-element elementor-element-f024b70 elementor-widget elementor-widget-text-editor\" data-id=\"f024b70\" data-element_type=\"widget\" data-e-type=\"widget\" data-widget_type=\"text-editor.default\">\n\t\t\t\t<div class=\"elementor-widget-container\">\n\t\t\t\t\t\t\t\t\t<p><span style=\"text-decoration: underline;\"><strong>Consommateurs<\/strong><\/span> :<\/p><ul><li>Une carte interactive des points de vente de produits locaux<\/li><li>Les produits de saison et leurs recettes<\/li><li>Des conseils pour d\u00e9crypter les labels et r\u00e9duire vos d\u00e9chets alimentaires<\/li><li>L&rsquo;agenda des conf\u00e9rences, ateliers et autres \u00e9v\u00e9nements en lien avec l&rsquo;alimentation<\/li><\/ul><p><span style=\"text-decoration: underline;\"><strong>Producteurs et artisans<\/strong><\/span> :<\/p><ul><li>Des informations sur les d\u00e9bouch\u00e9s locaux et les moyens de faire \u00e9voluer vos pratiques<\/li><li>La possibilit\u00e9 d&rsquo;inscrire votre projet d&rsquo;installation et d&rsquo;\u00eatre mis en relation avec les bons interlocuteurs<\/li><li>Un acc\u00e8s \u00e0 l&rsquo;incubateur de GTM pour les projets innovants<\/li><\/ul><p><span style=\"text-decoration: underline;\"><strong>Professionnels de la restauration collective<\/strong><\/span> :<\/p><ul><li>La liste des producteurs de proximit\u00e9 gr\u00e2ce \u00e0 la carte interactive<\/li><li>Des informations sur la loi Egalim et des outils pour atteindre vos objectifs (conseils antigaspi, menus v\u00e9g\u00e9tariens, formations, ateliers, ressources&#8230;)<\/li><\/ul>\t\t\t\t\t\t\t\t<\/div>\n\t\t\t\t<\/div>\n\t\t\t\t\t<\/div>\n\t\t<\/div>\n\t\t\t\t\t<\/div>\n\t\t<\/section>\n\t\t\t\t<section class=\"elementor-section elementor-top-section elementor-element elementor-element-9c98595 elementor-section-boxed elementor-section-height-default elementor-section-height-default\" data-id=\"9c98595\" data-element_type=\"section\" data-e-type=\"section\">\n\t\t\t\t\t\t<div class=\"elementor-container elementor-column-gap-default\">\n\t\t\t\t\t<div class=\"elementor-column elementor-col-100 elementor-top-column elementor-element elementor-element-518ed98\" data-id=\"518ed98\" data-element_type=\"column\" data-e-type=\"column\">\n\t\t\t<div class=\"elementor-widget-wrap elementor-element-populated\">\n\t\t\t\t\t\t<div class=\"elementor-element elementor-element-a6b6a56 elementor-widget elementor-widget-heading\" data-id=\"a6b6a56\" data-element_type=\"widget\" data-e-type=\"widget\" data-widget_type=\"heading.default\">\n\t\t\t\t<div class=\"elementor-widget-container\">\n\t\t\t\t\t<h5 class=\"elementor-heading-title elementor-size-default\">Une carte interactive des producteurs locaux<\/h5>\t\t\t\t<\/div>\n\t\t\t\t<\/div>\n\t\t\t\t\t<\/div>\n\t\t<\/div>\n\t\t\t\t\t<\/div>\n\t\t<\/section>\n\t\t\t\t<section class=\"elementor-section elementor-top-section elementor-element elementor-element-17cc915 elementor-section-boxed elementor-section-height-default elementor-section-height-default\" data-id=\"17cc915\" data-element_type=\"section\" data-e-type=\"section\">\n\t\t\t\t\t\t<div class=\"elementor-container elementor-column-gap-default\">\n\t\t\t\t\t<div class=\"elementor-column elementor-col-100 elementor-top-column elementor-element elementor-element-8c9bb15\" data-id=\"8c9bb15\" data-element_type=\"column\" data-e-type=\"column\">\n\t\t\t<div class=\"elementor-widget-wrap elementor-element-populated\">\n\t\t\t\t\t\t<div class=\"elementor-element elementor-element-90499fc elementor-widget elementor-widget-text-editor\" data-id=\"90499fc\" data-element_type=\"widget\" data-e-type=\"widget\" data-widget_type=\"text-editor.default\">\n\t\t\t\t<div class=\"elementor-widget-container\">\n\t\t\t\t\t\t\t\t\t<p>C&rsquo;est le point d&rsquo;orgue du site : la carte interactive, r\u00e9guli\u00e8rement mise \u00e0 jour, vous indique o\u00f9 trouver les producteurs et leurs points de vente sur le territoire.<\/p><p>R\u00e9pertori\u00e9s par typologie, chaque producteur est localis\u00e9 et son activit\u00e9 d\u00e9taill\u00e9e : nom de l&rsquo;entreprise, du patron, d\u00e9tail des produits, des lieux de vente, labels et contact.<\/p>\t\t\t\t\t\t\t\t<\/div>\n\t\t\t\t<\/div>\n\t\t\t\t\t<\/div>\n\t\t<\/div>\n\t\t\t\t\t<\/div>\n\t\t<\/section>\n\t\t\t\t<section class=\"elementor-section elementor-top-section elementor-element elementor-element-2ade3d0 elementor-section-boxed elementor-section-height-default elementor-section-height-default\" data-id=\"2ade3d0\" data-element_type=\"section\" data-e-type=\"section\">\n\t\t\t\t\t\t<div class=\"elementor-container elementor-column-gap-default\">\n\t\t\t\t\t<div class=\"elementor-column elementor-col-100 elementor-top-column elementor-element elementor-element-1394975\" data-id=\"1394975\" data-element_type=\"column\" data-e-type=\"column\">\n\t\t\t<div class=\"elementor-widget-wrap elementor-element-populated\">\n\t\t\t\t\t\t<div class=\"elementor-element elementor-element-12eadee elementor-widget elementor-widget-heading\" data-id=\"12eadee\" data-element_type=\"widget\" data-e-type=\"widget\" data-widget_type=\"heading.default\">\n\t\t\t\t<div class=\"elementor-widget-container\">\n\t\t\t\t\t<h5 class=\"elementor-heading-title elementor-size-default\">Rappel des objectifs du PAT de Granville Terre &amp; Mer<\/h5>\t\t\t\t<\/div>\n\t\t\t\t<\/div>\n\t\t\t\t\t<\/div>\n\t\t<\/div>\n\t\t\t\t\t<\/div>\n\t\t<\/section>\n\t\t\t\t<section class=\"elementor-section elementor-top-section elementor-element elementor-element-087b900 elementor-section-boxed elementor-section-height-default elementor-section-height-default\" data-id=\"087b900\" data-element_type=\"section\" data-e-type=\"section\">\n\t\t\t\t\t\t<div class=\"elementor-container elementor-column-gap-default\">\n\t\t\t\t\t<div class=\"elementor-column elementor-col-100 elementor-top-column elementor-element elementor-element-62ee3fa\" data-id=\"62ee3fa\" data-element_type=\"column\" data-e-type=\"column\">\n\t\t\t<div class=\"elementor-widget-wrap elementor-element-populated\">\n\t\t\t\t\t\t<div class=\"elementor-element elementor-element-ef936d2 elementor-widget elementor-widget-text-editor\" data-id=\"ef936d2\" data-element_type=\"widget\" data-e-type=\"widget\" data-widget_type=\"text-editor.default\">\n\t\t\t\t<div class=\"elementor-widget-container\">\n\t\t\t\t\t\t\t\t\t<p>Lanc\u00e9 en juin 2022, le PAT a pour objectifs de :<\/p><ul><li>Accompagner la restauration collective pour atteindre les objectifs de la loi Egalim<\/li><li>Promouvoir une alimentation locale, \u00e9quilibr\u00e9e et accessible \u00e0 tous<\/li><li>R\u00e9duire l&rsquo;impact environnemental du secteur alimentaire<\/li><li>Valoriser les productions locales<\/li><li>Aider les producteurs locaux \u00e0 se d\u00e9velopper<\/li><\/ul>\t\t\t\t\t\t\t\t<\/div>\n\t\t\t\t<\/div>\n\t\t\t\t\t<\/div>\n\t\t<\/div>\n\t\t\t\t\t<\/div>\n\t\t<\/section>\n\t\t\t\t<section class=\"elementor-section elementor-top-section elementor-element elementor-element-c648b99 elementor-section-boxed elementor-section-height-default elementor-section-height-default\" data-id=\"c648b99\" data-element_type=\"section\" data-e-type=\"section\">\n\t\t\t\t\t\t<div class=\"elementor-container elementor-column-gap-default\">\n\t\t\t\t\t<div class=\"elementor-column elementor-col-100 elementor-top-column elementor-element elementor-element-76efabb\" data-id=\"76efabb\" data-element_type=\"column\" data-e-type=\"column\">\n\t\t\t<div class=\"elementor-widget-wrap elementor-element-populated\">\n\t\t\t\t\t\t<div class=\"elementor-element elementor-element-ac73838 elementor-widget elementor-widget-heading\" data-id=\"ac73838\" data-element_type=\"widget\" data-e-type=\"widget\" data-widget_type=\"heading.default\">\n\t\t\t\t<div class=\"elementor-widget-container\">\n\t\t\t\t\t<h5 class=\"elementor-heading-title elementor-size-default\">Des actions concr\u00e8tes pour une alimentation durable<\/h5>\t\t\t\t<\/div>\n\t\t\t\t<\/div>\n\t\t\t\t\t<\/div>\n\t\t<\/div>\n\t\t\t\t\t<\/div>\n\t\t<\/section>\n\t\t\t\t<section class=\"elementor-section elementor-top-section elementor-element elementor-element-f01185c elementor-section-boxed elementor-section-height-default elementor-section-height-default\" data-id=\"f01185c\" data-element_type=\"section\" data-e-type=\"section\">\n\t\t\t\t\t\t<div class=\"elementor-container elementor-column-gap-default\">\n\t\t\t\t\t<div class=\"elementor-column elementor-col-100 elementor-top-column elementor-element elementor-element-d44c6ed\" data-id=\"d44c6ed\" data-element_type=\"column\" data-e-type=\"column\">\n\t\t\t<div class=\"elementor-widget-wrap elementor-element-populated\">\n\t\t\t\t\t\t<div class=\"elementor-element elementor-element-8ba4502 elementor-widget elementor-widget-text-editor\" data-id=\"8ba4502\" data-element_type=\"widget\" data-e-type=\"widget\" data-widget_type=\"text-editor.default\">\n\t\t\t\t<div class=\"elementor-widget-container\">\n\t\t\t\t\t\t\t\t\t<p>Le PAT de Granville Terre &amp; Mer met en place des actions concr\u00e8tes pour atteindre ses objectifs :<\/p><ul><li>Ateliers de formation pour les professionnels de l&rsquo;alimentation<\/li><li>Exp\u00e9rimentation logistique pour optimiser les circuits courts<\/li><li>Actions de sensibilisation aupr\u00e8s du grand public<\/li><\/ul>\t\t\t\t\t\t\t\t<\/div>\n\t\t\t\t<\/div>\n\t\t\t\t\t<\/div>\n\t\t<\/div>\n\t\t\t\t\t<\/div>\n\t\t<\/section>\n\t\t\t\t<section class=\"elementor-section elementor-top-section elementor-element elementor-element-fde4432 elementor-section-boxed elementor-section-height-default elementor-section-height-default\" data-id=\"fde4432\" data-element_type=\"section\" data-e-type=\"section\">\n\t\t\t\t\t\t<div class=\"elementor-container elementor-column-gap-default\">\n\t\t\t\t\t<div class=\"elementor-column elementor-col-100 elementor-top-column elementor-element elementor-element-277a32c\" data-id=\"277a32c\" data-element_type=\"column\" data-e-type=\"column\">\n\t\t\t<div class=\"elementor-widget-wrap elementor-element-populated\">\n\t\t\t\t\t\t<div class=\"elementor-element elementor-element-b71c2f1 elementor-widget elementor-widget-heading\" data-id=\"b71c2f1\" data-element_type=\"widget\" data-e-type=\"widget\" data-widget_type=\"heading.default\">\n\t\t\t\t<div class=\"elementor-widget-container\">\n\t\t\t\t\t<h5 class=\"elementor-heading-title elementor-size-default\">Un label pour une d\u00e9marche reconnue<\/h5>\t\t\t\t<\/div>\n\t\t\t\t<\/div>\n\t\t\t\t\t<\/div>\n\t\t<\/div>\n\t\t\t\t\t<\/div>\n\t\t<\/section>\n\t\t\t\t<section class=\"elementor-section elementor-top-section elementor-element elementor-element-4e6c8c5 elementor-section-boxed elementor-section-height-default elementor-section-height-default\" data-id=\"4e6c8c5\" data-element_type=\"section\" data-e-type=\"section\">\n\t\t\t\t\t\t<div class=\"elementor-container elementor-column-gap-default\">\n\t\t\t\t\t<div class=\"elementor-column elementor-col-100 elementor-top-column elementor-element elementor-element-9f74921\" data-id=\"9f74921\" data-element_type=\"column\" data-e-type=\"column\">\n\t\t\t<div class=\"elementor-widget-wrap elementor-element-populated\">\n\t\t\t\t\t\t<div class=\"elementor-element elementor-element-61d62d0 elementor-widget elementor-widget-text-editor\" data-id=\"61d62d0\" data-element_type=\"widget\" data-e-type=\"widget\" data-widget_type=\"text-editor.default\">\n\t\t\t\t<div class=\"elementor-widget-container\">\n\t\t\t\t\t\t\t\t\t<p>Le PAT de Granville Terre &amp; Mer est labellis\u00e9 par le minist\u00e8re de l&rsquo;Agriculture. Il devrait passer au second niveau de labellisation en janvier prochain, attestant de sa phase op\u00e9rationnelle.<\/p>\t\t\t\t\t\t\t\t<\/div>\n\t\t\t\t<\/div>\n\t\t\t\t\t<\/div>\n\t\t<\/div>\n\t\t\t\t\t<\/div>\n\t\t<\/section>\n\t\t\t\t<section class=\"elementor-section elementor-top-section elementor-element elementor-element-41d0ce8 elementor-section-boxed elementor-section-height-default elementor-section-height-default\" data-id=\"41d0ce8\" data-element_type=\"section\" data-e-type=\"section\">\n\t\t\t\t\t\t<div class=\"elementor-container elementor-column-gap-default\">\n\t\t\t\t\t<div class=\"elementor-column elementor-col-100 elementor-top-column elementor-element elementor-element-77aa12a\" data-id=\"77aa12a\" data-element_type=\"column\" data-e-type=\"column\">\n\t\t\t<div class=\"elementor-widget-wrap elementor-element-populated\">\n\t\t\t\t\t\t<div class=\"elementor-element elementor-element-9796fe7 elementor-widget elementor-widget-button\" data-id=\"9796fe7\" data-element_type=\"widget\" data-e-type=\"widget\" data-widget_type=\"button.default\">\n\t\t\t\t<div class=\"elementor-widget-container\">\n\t\t\t\t\t\t\t\t\t<div class=\"elementor-button-wrapper\">\n\t\t\t\t\t<a class=\"elementor-button elementor-button-link elementor-size-md\" href=\"https:\/\/pat.granville-terre-mer.fr\/fr\" target=\"_blank\">\n\t\t\t\t\t\t<span class=\"elementor-button-content-wrapper\">\n\t\t\t\t\t\t\t\t\t<span class=\"elementor-button-text\">Pour une alimentation plus saine, locale et durable sur notre territoire, rendez-vous sur le site pat.granville-terre-mer.fr !<\/span>\n\t\t\t\t\t<\/span>\n\t\t\t\t\t<\/a>\n\t\t\t\t<\/div>\n\t\t\t\t\t\t\t\t<\/div>\n\t\t\t\t<\/div>\n\t\t\t\t\t<\/div>\n\t\t<\/div>\n\t\t\t\t\t<\/div>\n\t\t<\/section>\n\t\t\t\t<\/div>\n\t\t","protected":false},"excerpt":{"rendered":"<p>D\u00e9couvrez le nouveau visage du Projet Alimentaire Territorial (PAT) de Granville Terre &amp; Mer, un site web ergonomique et complet pour une alimentation plus saine, locale et durable sur notre territoire. Que vous soyez&#46;&#46;&#46;<\/p>\n","protected":false},"author":2,"featured_media":7046,"comment_status":"open","ping_status":"open","sticky":false,"template":"","format":"standard","meta":{"footnotes":""},"categories":[17],"tags":[],"class_list":["post-7045","post","type-post","status-publish","format-standard","has-post-thumbnail","hentry","category-intercommunalite"],"_links":{"self":[{"href":"https:\/\/anctovillesurboscq.fr\/index.php?rest_route=\/wp\/v2\/posts\/7045"}],"collection":[{"href":"https:\/\/anctovillesurboscq.fr\/index.php?rest_route=\/wp\/v2\/posts"}],"about":[{"href":"https:\/\/anctovillesurboscq.fr\/index.php?rest_route=\/wp\/v2\/types\/post"}],"author":[{"embeddable":true,"href":"https:\/\/anctovillesurboscq.fr\/index.php?rest_route=\/wp\/v2\/users\/2"}],"replies":[{"embeddable":true,"href":"https:\/\/anctovillesurboscq.fr\/index.php?rest_route=%2Fwp%2Fv2%2Fcomments&post=7045"}],"version-history":[{"count":0,"href":"https:\/\/anctovillesurboscq.fr\/index.php?rest_route=\/wp\/v2\/posts\/7045\/revisions"}],"wp:featuredmedia":[{"embeddable":true,"href":"https:\/\/anctovillesurboscq.fr\/index.php?rest_route=\/wp\/v2\/media\/7046"}],"wp:attachment":[{"href":"https:\/\/anctovillesurboscq.fr\/index.php?rest_route=%2Fwp%2Fv2%2Fmedia&parent=7045"}],"wp:term":[{"taxonomy":"category","embeddable":true,"href":"https:\/\/anctovillesurboscq.fr\/index.php?rest_route=%2Fwp%2Fv2%2Fcategories&post=7045"},{"taxonomy":"post_tag","embeddable":true,"href":"https:\/\/anctovillesurboscq.fr\/index.php?rest_route=%2Fwp%2Fv2%2Ftags&post=7045"}],"curies":[{"name":"wp","href":"https:\/\/api.w.org\/{rel}","templated":true}]}}