{"id":6015,"date":"2023-02-22T14:23:03","date_gmt":"2023-02-22T13:23:03","guid":{"rendered":"https:\/\/anctovillesurboscq.fr\/?p=6015"},"modified":"2023-02-22T15:20:40","modified_gmt":"2023-02-22T14:20:40","slug":"operation-programmee-damelioration-de-lhabitat-opah","status":"publish","type":"post","link":"https:\/\/anctovillesurboscq.fr\/?p=6015","title":{"rendered":"Op\u00e9ration programm\u00e9e d\u2019am\u00e9lioration de l\u2019habitat &#8211; OPAH"},"content":{"rendered":"\t\t<div data-elementor-type=\"wp-post\" data-elementor-id=\"6015\" class=\"elementor elementor-6015\">\n\t\t\t\t\t\t<section class=\"elementor-section elementor-top-section elementor-element elementor-element-b89eec6 elementor-section-boxed elementor-section-height-default elementor-section-height-default\" data-id=\"b89eec6\" data-element_type=\"section\" data-e-type=\"section\">\n\t\t\t\t\t\t<div class=\"elementor-container elementor-column-gap-default\">\n\t\t\t\t\t<div class=\"elementor-column elementor-col-100 elementor-top-column elementor-element elementor-element-f7e807e\" data-id=\"f7e807e\" data-element_type=\"column\" data-e-type=\"column\">\n\t\t\t<div class=\"elementor-widget-wrap elementor-element-populated\">\n\t\t\t\t\t\t<div class=\"elementor-element elementor-element-1395165 elementor-widget elementor-widget-heading\" data-id=\"1395165\" data-element_type=\"widget\" data-e-type=\"widget\" data-widget_type=\"heading.default\">\n\t\t\t\t<div class=\"elementor-widget-container\">\n\t\t\t\t\t<div class=\"elementor-heading-title elementor-size-default\">La Communaut\u00e9 de communes a plac\u00e9 l\u2019habitat pour tous au c\u0153ur de son projet. Pour aider l\u2019ensemble de ses habitants \u00e0 se loger dans les meilleures conditions, elle lance une seconde Op\u00e9ration programm\u00e9e d\u2019am\u00e9lioration de l\u2019habitat pour les trois ann\u00e9es \u00e0 venir. <\/div>\t\t\t\t<\/div>\n\t\t\t\t<\/div>\n\t\t\t\t\t<\/div>\n\t\t<\/div>\n\t\t\t\t\t<\/div>\n\t\t<\/section>\n\t\t\t\t<section class=\"elementor-section elementor-top-section elementor-element elementor-element-5d8ba1f elementor-section-boxed elementor-section-height-default elementor-section-height-default\" data-id=\"5d8ba1f\" data-element_type=\"section\" data-e-type=\"section\">\n\t\t\t\t\t\t<div class=\"elementor-container elementor-column-gap-default\">\n\t\t\t\t\t<div class=\"elementor-column elementor-col-100 elementor-top-column elementor-element elementor-element-e202bb2\" data-id=\"e202bb2\" data-element_type=\"column\" data-e-type=\"column\">\n\t\t\t<div class=\"elementor-widget-wrap elementor-element-populated\">\n\t\t\t\t\t\t<div class=\"elementor-element elementor-element-99f2c9e elementor-widget elementor-widget-spacer\" data-id=\"99f2c9e\" data-element_type=\"widget\" data-e-type=\"widget\" data-widget_type=\"spacer.default\">\n\t\t\t\t<div class=\"elementor-widget-container\">\n\t\t\t\t\t\t\t<div class=\"elementor-spacer\">\n\t\t\t<div class=\"elementor-spacer-inner\"><\/div>\n\t\t<\/div>\n\t\t\t\t\t\t<\/div>\n\t\t\t\t<\/div>\n\t\t\t\t\t<\/div>\n\t\t<\/div>\n\t\t\t\t\t<\/div>\n\t\t<\/section>\n\t\t\t\t<section class=\"elementor-section elementor-top-section elementor-element elementor-element-d071390 elementor-section-boxed elementor-section-height-default elementor-section-height-default\" data-id=\"d071390\" data-element_type=\"section\" data-e-type=\"section\">\n\t\t\t\t\t\t<div class=\"elementor-container elementor-column-gap-default\">\n\t\t\t\t\t<div class=\"elementor-column elementor-col-100 elementor-top-column elementor-element elementor-element-6db273b\" data-id=\"6db273b\" data-element_type=\"column\" data-e-type=\"column\">\n\t\t\t<div class=\"elementor-widget-wrap elementor-element-populated\">\n\t\t\t\t\t\t<div class=\"elementor-element elementor-element-be30d3b elementor-widget elementor-widget-heading\" data-id=\"be30d3b\" data-element_type=\"widget\" data-e-type=\"widget\" data-widget_type=\"heading.default\">\n\t\t\t\t<div class=\"elementor-widget-container\">\n\t\t\t\t\t<h6 class=\"elementor-heading-title elementor-size-default\">Qu\u2019est-ce que l\u2019OPAH ?<\/h6>\t\t\t\t<\/div>\n\t\t\t\t<\/div>\n\t\t\t\t\t<\/div>\n\t\t<\/div>\n\t\t\t\t\t<\/div>\n\t\t<\/section>\n\t\t\t\t<section class=\"elementor-section elementor-top-section elementor-element elementor-element-c95a9ba elementor-section-boxed elementor-section-height-default elementor-section-height-default\" data-id=\"c95a9ba\" data-element_type=\"section\" data-e-type=\"section\">\n\t\t\t\t\t\t<div class=\"elementor-container elementor-column-gap-default\">\n\t\t\t\t\t<div class=\"elementor-column elementor-col-100 elementor-top-column elementor-element elementor-element-85c88a9\" data-id=\"85c88a9\" data-element_type=\"column\" data-e-type=\"column\">\n\t\t\t<div class=\"elementor-widget-wrap elementor-element-populated\">\n\t\t\t\t\t\t<div class=\"elementor-element elementor-element-2af2976 elementor-widget elementor-widget-text-editor\" data-id=\"2af2976\" data-element_type=\"widget\" data-e-type=\"widget\" data-widget_type=\"text-editor.default\">\n\t\t\t\t<div class=\"elementor-widget-container\">\n\t\t\t\t\t\t\t\t\t<p>C\u2019est l\u2019Op\u00e9ration programm\u00e9e d\u2019am\u00e9lioration de l\u2019habitat pilot\u00e9e par GTM sur son territoire, en partenariat avec l\u2019\u00c9tat, l\u2019Agence nationale de l\u2019habitat (Anah) et la Ville de Granville, pour favoriser un habitat de qualit\u00e9, moins \u00e9nergivore, et le maintien \u00e0 domicile des plus fragiles. Elle dure 3 ans et consiste, \u00e0 partir d\u2019un diagnostic pouss\u00e9 et actualis\u00e9, \u00e0 aider techniquement et financi\u00e8rement les propri\u00e9taires de logements tout au long de leur projet de r\u00e9novation ou d\u2019adaptation. Cet accompagnement privil\u00e9gi\u00e9 est enti\u00e8rement gratuit et la neutralit\u00e9 des informations et conseils est garantie.<\/p>\t\t\t\t\t\t\t\t<\/div>\n\t\t\t\t<\/div>\n\t\t\t\t\t<\/div>\n\t\t<\/div>\n\t\t\t\t\t<\/div>\n\t\t<\/section>\n\t\t\t\t<section class=\"elementor-section elementor-top-section elementor-element elementor-element-0f18109 elementor-section-boxed elementor-section-height-default elementor-section-height-default\" data-id=\"0f18109\" data-element_type=\"section\" data-e-type=\"section\">\n\t\t\t\t\t\t<div class=\"elementor-container elementor-column-gap-default\">\n\t\t\t\t\t<div class=\"elementor-column elementor-col-100 elementor-top-column elementor-element elementor-element-2368710\" data-id=\"2368710\" data-element_type=\"column\" data-e-type=\"column\">\n\t\t\t<div class=\"elementor-widget-wrap elementor-element-populated\">\n\t\t\t\t\t\t<div class=\"elementor-element elementor-element-5b0440d elementor-widget elementor-widget-heading\" data-id=\"5b0440d\" data-element_type=\"widget\" data-e-type=\"widget\" data-widget_type=\"heading.default\">\n\t\t\t\t<div class=\"elementor-widget-container\">\n\t\t\t\t\t<h6 class=\"elementor-heading-title elementor-size-default\">\u00c0 quoi \u00e7a sert ?<\/h6>\t\t\t\t<\/div>\n\t\t\t\t<\/div>\n\t\t\t\t\t<\/div>\n\t\t<\/div>\n\t\t\t\t\t<\/div>\n\t\t<\/section>\n\t\t\t\t<section class=\"elementor-section elementor-top-section elementor-element elementor-element-8ff3ade elementor-section-boxed elementor-section-height-default elementor-section-height-default\" data-id=\"8ff3ade\" data-element_type=\"section\" data-e-type=\"section\">\n\t\t\t\t\t\t<div class=\"elementor-container elementor-column-gap-default\">\n\t\t\t\t\t<div class=\"elementor-column elementor-col-100 elementor-top-column elementor-element elementor-element-acf7743\" data-id=\"acf7743\" data-element_type=\"column\" data-e-type=\"column\">\n\t\t\t<div class=\"elementor-widget-wrap elementor-element-populated\">\n\t\t\t\t\t\t<div class=\"elementor-element elementor-element-1910158 elementor-widget elementor-widget-text-editor\" data-id=\"1910158\" data-element_type=\"widget\" data-e-type=\"widget\" data-widget_type=\"text-editor.default\">\n\t\t\t\t<div class=\"elementor-widget-container\">\n\t\t\t\t\t\t\t\t\t<p>L\u2019OPAH est l\u00e0 pour am\u00e9liorer la qualit\u00e9 et le confort des logements priv\u00e9s, favoriser leur renouvellement sur le territoire et d\u00e9velopper une offre qui r\u00e9pond aux besoins des habitants. \u00c0 la cl\u00e9\u00a0:<\/p><ul><li>moins de situations de mal logement<\/li><li>moins de pr\u00e9carit\u00e9 \u00e9nerg\u00e9tique<\/li><li>plus de logements adapt\u00e9s \u00e0 la perte d\u2019autonomie<\/li><li>plus de logements locatifs et des loyers encadr\u00e9s<\/li><li>moins de logements vacants<\/li><li>moins de concurrence des locations saisonni\u00e8res<\/li><li>un accompagnement et des aides financi\u00e8res pour les copropri\u00e9t\u00e9s<\/li><\/ul>\t\t\t\t\t\t\t\t<\/div>\n\t\t\t\t<\/div>\n\t\t\t\t\t<\/div>\n\t\t<\/div>\n\t\t\t\t\t<\/div>\n\t\t<\/section>\n\t\t\t\t<section class=\"elementor-section elementor-top-section elementor-element elementor-element-0fdbd75 elementor-section-boxed elementor-section-height-default elementor-section-height-default\" data-id=\"0fdbd75\" data-element_type=\"section\" data-e-type=\"section\">\n\t\t\t\t\t\t<div class=\"elementor-container elementor-column-gap-default\">\n\t\t\t\t\t<div class=\"elementor-column elementor-col-100 elementor-top-column elementor-element elementor-element-938354c\" data-id=\"938354c\" data-element_type=\"column\" data-e-type=\"column\">\n\t\t\t<div class=\"elementor-widget-wrap elementor-element-populated\">\n\t\t\t\t\t\t<div class=\"elementor-element elementor-element-1f53d00 elementor-widget elementor-widget-heading\" data-id=\"1f53d00\" data-element_type=\"widget\" data-e-type=\"widget\" data-widget_type=\"heading.default\">\n\t\t\t\t<div class=\"elementor-widget-container\">\n\t\t\t\t\t<h6 class=\"elementor-heading-title elementor-size-default\">Pour qui ?<\/h6>\t\t\t\t<\/div>\n\t\t\t\t<\/div>\n\t\t\t\t\t<\/div>\n\t\t<\/div>\n\t\t\t\t\t<\/div>\n\t\t<\/section>\n\t\t\t\t<section class=\"elementor-section elementor-top-section elementor-element elementor-element-d6fb5c9 elementor-section-boxed elementor-section-height-default elementor-section-height-default\" data-id=\"d6fb5c9\" data-element_type=\"section\" data-e-type=\"section\">\n\t\t\t\t\t\t<div class=\"elementor-container elementor-column-gap-default\">\n\t\t\t\t\t<div class=\"elementor-column elementor-col-100 elementor-top-column elementor-element elementor-element-336f51d\" data-id=\"336f51d\" data-element_type=\"column\" data-e-type=\"column\">\n\t\t\t<div class=\"elementor-widget-wrap elementor-element-populated\">\n\t\t\t\t\t\t<div class=\"elementor-element elementor-element-e758c2e elementor-widget elementor-widget-text-editor\" data-id=\"e758c2e\" data-element_type=\"widget\" data-e-type=\"widget\" data-widget_type=\"text-editor.default\">\n\t\t\t\t<div class=\"elementor-widget-container\">\n\t\t\t\t\t\t\t\t\t<ul><li>les propri\u00e9taires occupants et locataires d\u2019une r\u00e9sidence principale de plus de 15 ans (sous conditions de ressources)<\/li><li>les propri\u00e9taires bailleurs pour am\u00e9liorer leur logement locatif (conditions de ressources des locataires et loyer ma\u00eetris\u00e9 pour une dur\u00e9e de 6 ans)<\/li><li>les copropri\u00e9taires souhaitant r\u00e9aliser des travaux de r\u00e9novation \u00e9nerg\u00e9tique dans les parties communes<\/li><\/ul>\t\t\t\t\t\t\t\t<\/div>\n\t\t\t\t<\/div>\n\t\t\t\t\t<\/div>\n\t\t<\/div>\n\t\t\t\t\t<\/div>\n\t\t<\/section>\n\t\t\t\t<section class=\"elementor-section elementor-top-section elementor-element elementor-element-e7c6a77 elementor-section-boxed elementor-section-height-default elementor-section-height-default\" data-id=\"e7c6a77\" data-element_type=\"section\" data-e-type=\"section\">\n\t\t\t\t\t\t<div class=\"elementor-container elementor-column-gap-default\">\n\t\t\t\t\t<div class=\"elementor-column elementor-col-100 elementor-top-column elementor-element elementor-element-5515e58\" data-id=\"5515e58\" data-element_type=\"column\" data-e-type=\"column\">\n\t\t\t<div class=\"elementor-widget-wrap elementor-element-populated\">\n\t\t\t\t\t\t<div class=\"elementor-element elementor-element-3a0ad9c elementor-widget elementor-widget-heading\" data-id=\"3a0ad9c\" data-element_type=\"widget\" data-e-type=\"widget\" data-widget_type=\"heading.default\">\n\t\t\t\t<div class=\"elementor-widget-container\">\n\t\t\t\t\t<h6 class=\"elementor-heading-title elementor-size-default\">Pour quels travaux ?<\/h6>\t\t\t\t<\/div>\n\t\t\t\t<\/div>\n\t\t\t\t\t<\/div>\n\t\t<\/div>\n\t\t\t\t\t<\/div>\n\t\t<\/section>\n\t\t\t\t<section class=\"elementor-section elementor-top-section elementor-element elementor-element-c059127 elementor-section-boxed elementor-section-height-default elementor-section-height-default\" data-id=\"c059127\" data-element_type=\"section\" data-e-type=\"section\">\n\t\t\t\t\t\t<div class=\"elementor-container elementor-column-gap-default\">\n\t\t\t\t\t<div class=\"elementor-column elementor-col-100 elementor-top-column elementor-element elementor-element-9d7513e\" data-id=\"9d7513e\" data-element_type=\"column\" data-e-type=\"column\">\n\t\t\t<div class=\"elementor-widget-wrap elementor-element-populated\">\n\t\t\t\t\t\t<div class=\"elementor-element elementor-element-349e1ed elementor-widget elementor-widget-text-editor\" data-id=\"349e1ed\" data-element_type=\"widget\" data-e-type=\"widget\" data-widget_type=\"text-editor.default\">\n\t\t\t\t<div class=\"elementor-widget-container\">\n\t\t\t\t\t\t\t\t\t<ul><li>l\u2019adaptation du logement \u00e0 un handicap ou pour pr\u00e9venir la perte d\u2019autonomie<\/li><li>l\u2019am\u00e9lioration de sa performance \u00e9nerg\u00e9tique<\/li><li>sa r\u00e9habilitation pour mise en s\u00e9curit\u00e9\/salubrit\u00e9 et sa r\u00e9novation globale s\u2019il est d\u00e9grad\u00e9<\/li><\/ul>\t\t\t\t\t\t\t\t<\/div>\n\t\t\t\t<\/div>\n\t\t\t\t\t<\/div>\n\t\t<\/div>\n\t\t\t\t\t<\/div>\n\t\t<\/section>\n\t\t\t\t<section class=\"elementor-section elementor-top-section elementor-element elementor-element-efe674d elementor-section-boxed elementor-section-height-default elementor-section-height-default\" data-id=\"efe674d\" data-element_type=\"section\" data-e-type=\"section\">\n\t\t\t\t\t\t<div class=\"elementor-container elementor-column-gap-default\">\n\t\t\t\t\t<div class=\"elementor-column elementor-col-100 elementor-top-column elementor-element elementor-element-3c9473c\" data-id=\"3c9473c\" data-element_type=\"column\" data-e-type=\"column\">\n\t\t\t<div class=\"elementor-widget-wrap elementor-element-populated\">\n\t\t\t\t\t\t<div class=\"elementor-element elementor-element-54d59d2 elementor-widget elementor-widget-heading\" data-id=\"54d59d2\" data-element_type=\"widget\" data-e-type=\"widget\" data-widget_type=\"heading.default\">\n\t\t\t\t<div class=\"elementor-widget-container\">\n\t\t\t\t\t<h6 class=\"elementor-heading-title elementor-size-default\">Qui est \u00e9ligible ?<\/h6>\t\t\t\t<\/div>\n\t\t\t\t<\/div>\n\t\t\t\t\t<\/div>\n\t\t<\/div>\n\t\t\t\t\t<\/div>\n\t\t<\/section>\n\t\t\t\t<section class=\"elementor-section elementor-top-section elementor-element elementor-element-a002337 elementor-section-boxed elementor-section-height-default elementor-section-height-default\" data-id=\"a002337\" data-element_type=\"section\" data-e-type=\"section\">\n\t\t\t\t\t\t<div class=\"elementor-container elementor-column-gap-default\">\n\t\t\t\t\t<div class=\"elementor-column elementor-col-100 elementor-top-column elementor-element elementor-element-25222f4\" data-id=\"25222f4\" data-element_type=\"column\" data-e-type=\"column\">\n\t\t\t<div class=\"elementor-widget-wrap elementor-element-populated\">\n\t\t\t\t\t\t<div class=\"elementor-element elementor-element-f0128e2 elementor-widget elementor-widget-text-editor\" data-id=\"f0128e2\" data-element_type=\"widget\" data-e-type=\"widget\" data-widget_type=\"text-editor.default\">\n\t\t\t\t<div class=\"elementor-widget-container\">\n\t\t\t\t\t\t\t\t\t<p>Pour le savoir, l\u2019habitant doit contacter GTM R\u00e9nov\u2019, le service d\u2019info et de conseil que GTM a confi\u00e9 \u00e0 la coop\u00e9rative Les 7 vents pour faciliter ses d\u00e9marches de r\u00e9novation \u00e9nerg\u00e9tique et l\u2019aider \u00e0 s\u2019y retrouver dans la jungle des aides existantes.<\/p><p>Il r\u00e9pondra \u00e0 toutes ses questions, l\u2019orientera le cas \u00e9ch\u00e9ant vers le bon interlocuteur et pourra lui apporter une assistance technique et administrative gratuite, neutre, ind\u00e9pendante et professionnelle.<\/p><p>Les habitants qui souhaitent adapter leur logement, les propri\u00e9taires bailleurs et les copropri\u00e9taires doivent contacter directement SOLiHA pour \u00eatre conseill\u00e9s et accompagn\u00e9s dans leur projet.<\/p>\t\t\t\t\t\t\t\t<\/div>\n\t\t\t\t<\/div>\n\t\t\t\t\t<\/div>\n\t\t<\/div>\n\t\t\t\t\t<\/div>\n\t\t<\/section>\n\t\t\t\t<section class=\"elementor-section elementor-top-section elementor-element elementor-element-cfe2e89 elementor-section-boxed elementor-section-height-default elementor-section-height-default\" data-id=\"cfe2e89\" data-element_type=\"section\" data-e-type=\"section\">\n\t\t\t\t\t\t<div class=\"elementor-container elementor-column-gap-default\">\n\t\t\t\t\t<div class=\"elementor-column elementor-col-100 elementor-top-column elementor-element elementor-element-85c748d\" data-id=\"85c748d\" data-element_type=\"column\" data-e-type=\"column\">\n\t\t\t<div class=\"elementor-widget-wrap elementor-element-populated\">\n\t\t\t\t\t\t<div class=\"elementor-element elementor-element-592dd5a elementor-widget elementor-widget-heading\" data-id=\"592dd5a\" data-element_type=\"widget\" data-e-type=\"widget\" data-widget_type=\"heading.default\">\n\t\t\t\t<div class=\"elementor-widget-container\">\n\t\t\t\t\t<h6 class=\"elementor-heading-title elementor-size-default\"> S\u2019il est \u00e9ligible <\/h6>\t\t\t\t<\/div>\n\t\t\t\t<\/div>\n\t\t\t\t\t<\/div>\n\t\t<\/div>\n\t\t\t\t\t<\/div>\n\t\t<\/section>\n\t\t\t\t<section class=\"elementor-section elementor-top-section elementor-element elementor-element-573ac62 elementor-section-boxed elementor-section-height-default elementor-section-height-default\" data-id=\"573ac62\" data-element_type=\"section\" data-e-type=\"section\">\n\t\t\t\t\t\t<div class=\"elementor-container elementor-column-gap-default\">\n\t\t\t\t\t<div class=\"elementor-column elementor-col-100 elementor-top-column elementor-element elementor-element-c8d73ab\" data-id=\"c8d73ab\" data-element_type=\"column\" data-e-type=\"column\">\n\t\t\t<div class=\"elementor-widget-wrap elementor-element-populated\">\n\t\t\t\t\t\t<div class=\"elementor-element elementor-element-30940de elementor-widget elementor-widget-text-editor\" data-id=\"30940de\" data-element_type=\"widget\" data-e-type=\"widget\" data-widget_type=\"text-editor.default\">\n\t\t\t\t<div class=\"elementor-widget-container\">\n\t\t\t\t\t\t\t\t\t<p>L\u2019habitant sera orient\u00e9 vers SOliHA, l\u2019op\u00e9rateur choisi par GTM pour l\u2019accompagner tout au long de ses d\u00e9marches. Lors de permanences physiques, t\u00e9l\u00e9phoniques ou de r\u00e9unions publiques, il le guidera dans vos choix de travaux, \u00e9tablira un diagnostic technique de son logement, l\u2019informera sur les subventions existantes et l\u2019aidera au montage de ses demandes de financement, jusqu\u2019au paiement des aides.<\/p><p><span style=\"text-decoration: underline;\"><strong>\u00c0 savoir\u00a0<\/strong><\/span>:\u00a0Les travaux ne doivent pas d\u00e9buter avant la d\u00e9pose de toutes les demandes de financement. Les subventions seront revers\u00e9es au b\u00e9n\u00e9ficiaire \u00e0 la fin des travaux, apr\u00e8s la d\u00e9pose de ses demandes de paiement. SOliHA le renseignera sur les dispositifs d\u2019avances et de pr\u00eats pouvant financer une partie de ses frais, avant le d\u00e9blocage des aides financi\u00e8res.\u00a0<\/p>\t\t\t\t\t\t\t\t<\/div>\n\t\t\t\t<\/div>\n\t\t\t\t\t<\/div>\n\t\t<\/div>\n\t\t\t\t\t<\/div>\n\t\t<\/section>\n\t\t\t\t<section class=\"elementor-section elementor-top-section elementor-element elementor-element-84fa686 elementor-section-boxed elementor-section-height-default elementor-section-height-default\" data-id=\"84fa686\" data-element_type=\"section\" data-e-type=\"section\">\n\t\t\t\t\t\t<div class=\"elementor-container elementor-column-gap-default\">\n\t\t\t\t\t<div class=\"elementor-column elementor-col-100 elementor-top-column elementor-element elementor-element-aacd023\" data-id=\"aacd023\" data-element_type=\"column\" data-e-type=\"column\">\n\t\t\t<div class=\"elementor-widget-wrap elementor-element-populated\">\n\t\t\t\t\t\t<div class=\"elementor-element elementor-element-b616a9e elementor-widget elementor-widget-text-editor\" data-id=\"b616a9e\" data-element_type=\"widget\" data-e-type=\"widget\" data-widget_type=\"text-editor.default\">\n\t\t\t\t<div class=\"elementor-widget-container\">\n\t\t\t\t\t\t\t\t\t<p style=\"text-align: center;\"><span style=\"text-decoration: underline;\"><strong>Contacts et permanences (uniquement sur RDV)<\/strong><\/span><\/p><p><span style=\"text-decoration: underline;\"><strong>SOliHA<\/strong><\/span>\u00a0: 02 31 86 70 50 \u2013 contact@solihanormandie.fr<\/p><p>Granville &#8211; si\u00e8ge de GTM (197 av. des Vend\u00e9ens) : le 1er mercredi du mois de 9 h \u00e0 13 h<\/p><p>Br\u00e9hal &#8211; p\u00f4le de proximit\u00e9 (59 rue de la Lib\u00e9ration) :\u00a0\u00a0\u00a0\u00a0\u00a0\u00a0\u00a0\u00a0\u00a0 le 2e mardi du mois de 9 h \u00e0 13 h \u00a0\u00a0<\/p><p>Saint-Pair-sur-Mer \u2013 h\u00f4tel d\u2019entreprises (295 rue de Jersey) : le 3e mercredi du mois de 13 h \u00e0 17 h<\/p><p>La Haye-Pesnel &#8211; p\u00f4le de proximit\u00e9 (59 rue de la Lib\u00e9ration) : le 4e vendredi du mois de 12 h 30 \u00e0 16 h 30<\/p><p style=\"text-align: center;\">_______________<\/p><p><strong><span style=\"text-decoration: underline;\">GTM R\u00e9nov\u2019<\/span><\/strong>\u00a0: Les 7 Vents &#8211; 02 33 19 00 10 &#8211; info-energie@7vents.fr<\/p><p>Br\u00e9hal \u2013 p\u00f4le de proximit\u00e9 (14 rue de la Gare) : le 1er mercredi du mois de 14 h \u00e0 17 h<\/p><p>La Haye-Pesnel &#8211; p\u00f4le de proximit\u00e9 (59 rue de la Lib\u00e9ration) : le 2e vendredi du mois de 9 h \u00e0 12 h<\/p><p>Granville \u2013 si\u00e8ge de GTM (197 av. des Vend\u00e9ens) : le 4e mardi du mois de 9 h \u00e0 17 h<\/p><p>Calendrier des permanences disponible sur granville-terre-mer.fr (rubrique Habitat)<\/p><p style=\"text-align: center;\">_______________<\/p><p><strong><span style=\"text-decoration: underline;\">Service Habitat de GTM<\/span><\/strong>\u00a0: 02 33 69 20 68 &#8211; service.habitat@granville-terre-mer.fr<\/p>\t\t\t\t\t\t\t\t<\/div>\n\t\t\t\t<\/div>\n\t\t\t\t\t<\/div>\n\t\t<\/div>\n\t\t\t\t\t<\/div>\n\t\t<\/section>\n\t\t\t\t<section class=\"elementor-section elementor-top-section elementor-element elementor-element-7d0925a elementor-section-boxed elementor-section-height-default elementor-section-height-default\" data-id=\"7d0925a\" data-element_type=\"section\" data-e-type=\"section\">\n\t\t\t\t\t\t<div class=\"elementor-container elementor-column-gap-default\">\n\t\t\t\t\t<div class=\"elementor-column elementor-col-100 elementor-top-column elementor-element elementor-element-96dd52b\" data-id=\"96dd52b\" data-element_type=\"column\" data-e-type=\"column\">\n\t\t\t<div class=\"elementor-widget-wrap elementor-element-populated\">\n\t\t\t\t\t\t<div class=\"elementor-element elementor-element-6b66c1b elementor-align-center elementor-widget elementor-widget-button\" data-id=\"6b66c1b\" data-element_type=\"widget\" data-e-type=\"widget\" data-widget_type=\"button.default\">\n\t\t\t\t<div class=\"elementor-widget-container\">\n\t\t\t\t\t\t\t\t\t<div class=\"elementor-button-wrapper\">\n\t\t\t\t\t<a class=\"elementor-button elementor-button-link elementor-size-sm\" href=\"https:\/\/anctovillesurboscq.fr\/wp-content\/uploads\/2023\/02\/2023_Gtm_Habitat_Calendrier-Permanences.pdf\" target=\"_blank\">\n\t\t\t\t\t\t<span class=\"elementor-button-content-wrapper\">\n\t\t\t\t\t\t\t\t\t<span class=\"elementor-button-text\">T\u00e9l\u00e9chargez le calendrier des permanences 2022-2023<\/span>\n\t\t\t\t\t<\/span>\n\t\t\t\t\t<\/a>\n\t\t\t\t<\/div>\n\t\t\t\t\t\t\t\t<\/div>\n\t\t\t\t<\/div>\n\t\t\t\t\t<\/div>\n\t\t<\/div>\n\t\t\t\t\t<\/div>\n\t\t<\/section>\n\t\t\t\t<\/div>\n\t\t","protected":false},"excerpt":{"rendered":"<p>La Communaut\u00e9 de communes a plac\u00e9 l\u2019habitat pour tous au c\u0153ur de son projet. Pour aider l\u2019ensemble de ses habitants \u00e0 se loger dans les meilleures conditions, elle lance une seconde Op\u00e9ration programm\u00e9e d\u2019am\u00e9lioration&#46;&#46;&#46;<\/p>\n","protected":false},"author":2,"featured_media":6016,"comment_status":"open","ping_status":"open","sticky":false,"template":"","format":"standard","meta":{"footnotes":""},"categories":[1],"tags":[],"class_list":["post-6015","post","type-post","status-publish","format-standard","has-post-thumbnail","hentry","category-vie-commune"],"_links":{"self":[{"href":"https:\/\/anctovillesurboscq.fr\/index.php?rest_route=\/wp\/v2\/posts\/6015"}],"collection":[{"href":"https:\/\/anctovillesurboscq.fr\/index.php?rest_route=\/wp\/v2\/posts"}],"about":[{"href":"https:\/\/anctovillesurboscq.fr\/index.php?rest_route=\/wp\/v2\/types\/post"}],"author":[{"embeddable":true,"href":"https:\/\/anctovillesurboscq.fr\/index.php?rest_route=\/wp\/v2\/users\/2"}],"replies":[{"embeddable":true,"href":"https:\/\/anctovillesurboscq.fr\/index.php?rest_route=%2Fwp%2Fv2%2Fcomments&post=6015"}],"version-history":[{"count":0,"href":"https:\/\/anctovillesurboscq.fr\/index.php?rest_route=\/wp\/v2\/posts\/6015\/revisions"}],"wp:featuredmedia":[{"embeddable":true,"href":"https:\/\/anctovillesurboscq.fr\/index.php?rest_route=\/wp\/v2\/media\/6016"}],"wp:attachment":[{"href":"https:\/\/anctovillesurboscq.fr\/index.php?rest_route=%2Fwp%2Fv2%2Fmedia&parent=6015"}],"wp:term":[{"taxonomy":"category","embeddable":true,"href":"https:\/\/anctovillesurboscq.fr\/index.php?rest_route=%2Fwp%2Fv2%2Fcategories&post=6015"},{"taxonomy":"post_tag","embeddable":true,"href":"https:\/\/anctovillesurboscq.fr\/index.php?rest_route=%2Fwp%2Fv2%2Ftags&post=6015"}],"curies":[{"name":"wp","href":"https:\/\/api.w.org\/{rel}","templated":true}]}}