{"id":5787,"date":"2022-12-09T13:35:13","date_gmt":"2022-12-09T12:35:13","guid":{"rendered":"https:\/\/anctovillesurboscq.fr\/?p=5787"},"modified":"2022-12-09T13:43:35","modified_gmt":"2022-12-09T12:43:35","slug":"protection-des-haies-bocageres","status":"publish","type":"post","link":"https:\/\/anctovillesurboscq.fr\/?p=5787","title":{"rendered":"Protection des haies bocag\u00e8res"},"content":{"rendered":"\t\t<div data-elementor-type=\"wp-post\" data-elementor-id=\"5787\" class=\"elementor elementor-5787\">\n\t\t\t\t\t\t<section class=\"elementor-section elementor-top-section elementor-element elementor-element-2ee656b elementor-section-boxed elementor-section-height-default elementor-section-height-default\" data-id=\"2ee656b\" data-element_type=\"section\" data-e-type=\"section\">\n\t\t\t\t\t\t<div class=\"elementor-container elementor-column-gap-default\">\n\t\t\t\t\t<div class=\"elementor-column elementor-col-100 elementor-top-column elementor-element elementor-element-c9e3633\" data-id=\"c9e3633\" data-element_type=\"column\" data-e-type=\"column\">\n\t\t\t<div class=\"elementor-widget-wrap elementor-element-populated\">\n\t\t\t\t\t\t<div class=\"elementor-element elementor-element-600946d elementor-widget elementor-widget-text-editor\" data-id=\"600946d\" data-element_type=\"widget\" data-e-type=\"widget\" data-widget_type=\"text-editor.default\">\n\t\t\t\t<div class=\"elementor-widget-container\">\n\t\t\t\t\t\t\t\t\t<p>Plusieurs chantiers d\u2019arrachage de haies ont \u00e9t\u00e9 constat\u00e9s sur le territoire de la MANCHE depuis le printemps 2020. Le lin\u00e9aire d\u00e9truit cumul\u00e9 par an est de plusieurs dizaines de kilom\u00e8tres. De nombreux riverains de ces travaux s\u2019inqui\u00e8tent des cons\u00e9quences sur la biodiversit\u00e9 et sur la qualit\u00e9 et les ruissellements de l\u2019eau.<\/p><p><strong><em>Des proc\u00e9dures judiciaires sont ainsi en cours suite au non-respect de la r\u00e9glementation relative aux esp\u00e8ces prot\u00e9g\u00e9es et \u00e0 la protection de leurs habitats.<\/em><\/strong><\/p>\t\t\t\t\t\t\t\t<\/div>\n\t\t\t\t<\/div>\n\t\t\t\t\t<\/div>\n\t\t<\/div>\n\t\t\t\t\t<\/div>\n\t\t<\/section>\n\t\t\t\t<section class=\"elementor-section elementor-top-section elementor-element elementor-element-1e79f13 elementor-section-boxed elementor-section-height-default elementor-section-height-default\" data-id=\"1e79f13\" data-element_type=\"section\" data-e-type=\"section\">\n\t\t\t\t\t\t<div class=\"elementor-container elementor-column-gap-default\">\n\t\t\t\t\t<div class=\"elementor-column elementor-col-100 elementor-top-column elementor-element elementor-element-eebaad2\" data-id=\"eebaad2\" data-element_type=\"column\" data-e-type=\"column\">\n\t\t\t<div class=\"elementor-widget-wrap elementor-element-populated\">\n\t\t\t\t\t\t<div class=\"elementor-element elementor-element-1575f39 elementor-widget elementor-widget-text-editor\" data-id=\"1575f39\" data-element_type=\"widget\" data-e-type=\"widget\" data-widget_type=\"text-editor.default\">\n\t\t\t\t<div class=\"elementor-widget-container\">\n\t\t\t\t\t\t\t\t\t<p style=\"text-align: justify; text-justify: inter-ideograph;\">En effet depuis 2007, la r\u00e9glementation relative aux esp\u00e8ces prot\u00e9g\u00e9es fixe des interdictions qui s\u2019appliquent tant aux individus de ces esp\u00e8ces qu\u2019\u00e0 leurs habitats. La destruction des habitats des esp\u00e8ces prot\u00e9g\u00e9es (aires de repos et sites de reproduction) est soumise \u00e0 autorisation pr\u00e9fectorale voir minist\u00e9rielle si ces habitats sont susceptibles d\u2019\u00eatre occup\u00e9s et si leur destruction est de nature \u00e0 nuire au bon accomplissement des cycles biologiques de la population de l\u2019esp\u00e8ce concern\u00e9e.<\/p>\t\t\t\t\t\t\t\t<\/div>\n\t\t\t\t<\/div>\n\t\t\t\t\t<\/div>\n\t\t<\/div>\n\t\t\t\t\t<\/div>\n\t\t<\/section>\n\t\t\t\t<section class=\"elementor-section elementor-top-section elementor-element elementor-element-d2c75c6 elementor-section-boxed elementor-section-height-default elementor-section-height-default\" data-id=\"d2c75c6\" data-element_type=\"section\" data-e-type=\"section\">\n\t\t\t\t\t\t<div class=\"elementor-container elementor-column-gap-default\">\n\t\t\t\t\t<div class=\"elementor-column elementor-col-100 elementor-top-column elementor-element elementor-element-abb39ed\" data-id=\"abb39ed\" data-element_type=\"column\" data-e-type=\"column\">\n\t\t\t<div class=\"elementor-widget-wrap elementor-element-populated\">\n\t\t\t\t\t\t<div class=\"elementor-element elementor-element-aba3fe4 elementor-widget elementor-widget-text-editor\" data-id=\"aba3fe4\" data-element_type=\"widget\" data-e-type=\"widget\" data-widget_type=\"text-editor.default\">\n\t\t\t\t<div class=\"elementor-widget-container\">\n\t\t\t\t\t\t\t\t\t<p class=\"Standard\" style=\"text-align: justify; text-justify: inter-ideograph;\">Les alt\u00e9rations ou destructions d\u2019habitats d\u2019esp\u00e8ces prot\u00e9g\u00e9es concernent des milieux rares comme des roseli\u00e8res mais \u00e9galement le bocage avec son r\u00e9seau de haies, de mares, de vieux vergers et autres arbres remarquables qui constituent des r\u00e9servoirs de biodiversit\u00e9.<\/p>\t\t\t\t\t\t\t\t<\/div>\n\t\t\t\t<\/div>\n\t\t\t\t\t<\/div>\n\t\t<\/div>\n\t\t\t\t\t<\/div>\n\t\t<\/section>\n\t\t\t\t<section class=\"elementor-section elementor-top-section elementor-element elementor-element-dc411a4 elementor-section-boxed elementor-section-height-default elementor-section-height-default\" data-id=\"dc411a4\" data-element_type=\"section\" data-e-type=\"section\">\n\t\t\t\t\t\t<div class=\"elementor-container elementor-column-gap-default\">\n\t\t\t\t\t<div class=\"elementor-column elementor-col-100 elementor-top-column elementor-element elementor-element-c53f6d6\" data-id=\"c53f6d6\" data-element_type=\"column\" data-e-type=\"column\">\n\t\t\t<div class=\"elementor-widget-wrap elementor-element-populated\">\n\t\t\t\t\t\t<div class=\"elementor-element elementor-element-2725287 elementor-widget elementor-widget-text-editor\" data-id=\"2725287\" data-element_type=\"widget\" data-e-type=\"widget\" data-widget_type=\"text-editor.default\">\n\t\t\t\t<div class=\"elementor-widget-container\">\n\t\t\t\t\t\t\t\t\t<p>Les travaux impactant les haies doivent respecter cette r\u00e9glementation. Les talus, arbustes et arbres, qui constituent ces haies sont des zones de reproduction pour des oiseaux, des mammif\u00e8res prot\u00e9g\u00e9es (h\u00e9risson d\u2019Europe, \u00e9cureuil roux notamment) mais aussi pour des reptiles. Les amphibiens tels que grenouilles, crapauds, tritons utilisent aussi la haie (souches, galeries souterraines&#8230;) pour leur phase d\u2019hibernation. Les arbres matures concentrent d\u2019ailleurs souvent une grande diversit\u00e9 d\u2019esp\u00e8ces comme par exemple des chauves-souris, des pics, des rapaces qui sont toutes int\u00e9gralement prot\u00e9g\u00e9es. La haie est donc utilis\u00e9e \u00e0 longueur d\u2019ann\u00e9e par ces diff\u00e9rentes esp\u00e8ces.<\/p>\t\t\t\t\t\t\t\t<\/div>\n\t\t\t\t<\/div>\n\t\t\t\t\t<\/div>\n\t\t<\/div>\n\t\t\t\t\t<\/div>\n\t\t<\/section>\n\t\t\t\t<section class=\"elementor-section elementor-top-section elementor-element elementor-element-0f4d5a0 elementor-section-boxed elementor-section-height-default elementor-section-height-default\" data-id=\"0f4d5a0\" data-element_type=\"section\" data-e-type=\"section\">\n\t\t\t\t\t\t<div class=\"elementor-container elementor-column-gap-default\">\n\t\t\t\t\t<div class=\"elementor-column elementor-col-100 elementor-top-column elementor-element elementor-element-ad2bf50\" data-id=\"ad2bf50\" data-element_type=\"column\" data-e-type=\"column\">\n\t\t\t<div class=\"elementor-widget-wrap elementor-element-populated\">\n\t\t\t\t\t\t<div class=\"elementor-element elementor-element-7f0d973 elementor-widget-divider--view-line elementor-widget elementor-widget-divider\" data-id=\"7f0d973\" data-element_type=\"widget\" data-e-type=\"widget\" data-widget_type=\"divider.default\">\n\t\t\t\t<div class=\"elementor-widget-container\">\n\t\t\t\t\t\t\t<div class=\"elementor-divider\">\n\t\t\t<span class=\"elementor-divider-separator\">\n\t\t\t\t\t\t<\/span>\n\t\t<\/div>\n\t\t\t\t\t\t<\/div>\n\t\t\t\t<\/div>\n\t\t\t\t<div class=\"elementor-element elementor-element-1a0bf72 elementor-widget elementor-widget-text-editor\" data-id=\"1a0bf72\" data-element_type=\"widget\" data-e-type=\"widget\" data-widget_type=\"text-editor.default\">\n\t\t\t\t<div class=\"elementor-widget-container\">\n\t\t\t\t\t\t\t\t\t<p>Ne pas respecter ces dispositions constitue un d\u00e9lit, puni d&rsquo;une peine de trois ans d&#8217;emprisonnement et d&rsquo;une amende de 150 000\u20ac, en application de l&rsquo;article L.415-3 du code de l&rsquo;environnement. Des mesures de remise en \u00e9tat des lieux sont \u00e9galement pr\u00e9vues \u00e0 la charge du mis en cause. Les inspecteurs de l&rsquo;environnement peuvent constater ces infractions.<\/p>\t\t\t\t\t\t\t\t<\/div>\n\t\t\t\t<\/div>\n\t\t\t\t<div class=\"elementor-element elementor-element-0b5d4bd elementor-widget-divider--view-line elementor-widget elementor-widget-divider\" data-id=\"0b5d4bd\" data-element_type=\"widget\" data-e-type=\"widget\" data-widget_type=\"divider.default\">\n\t\t\t\t<div class=\"elementor-widget-container\">\n\t\t\t\t\t\t\t<div class=\"elementor-divider\">\n\t\t\t<span class=\"elementor-divider-separator\">\n\t\t\t\t\t\t<\/span>\n\t\t<\/div>\n\t\t\t\t\t\t<\/div>\n\t\t\t\t<\/div>\n\t\t\t\t\t<\/div>\n\t\t<\/div>\n\t\t\t\t\t<\/div>\n\t\t<\/section>\n\t\t\t\t<section class=\"elementor-section elementor-top-section elementor-element elementor-element-0d3722c elementor-section-boxed elementor-section-height-default elementor-section-height-default\" data-id=\"0d3722c\" data-element_type=\"section\" data-e-type=\"section\">\n\t\t\t\t\t\t<div class=\"elementor-container elementor-column-gap-default\">\n\t\t\t\t\t<div class=\"elementor-column elementor-col-100 elementor-top-column elementor-element elementor-element-a9dca17\" data-id=\"a9dca17\" data-element_type=\"column\" data-e-type=\"column\">\n\t\t\t<div class=\"elementor-widget-wrap elementor-element-populated\">\n\t\t\t\t\t\t<div class=\"elementor-element elementor-element-63853ac elementor-widget elementor-widget-text-editor\" data-id=\"63853ac\" data-element_type=\"widget\" data-e-type=\"widget\" data-widget_type=\"text-editor.default\">\n\t\t\t\t<div class=\"elementor-widget-container\">\n\t\t\t\t\t\t\t\t\t<p><em>Des d\u00e9rogations \u00e0 la protection stricte des esp\u00e8ces (article L. 411-2 du code de l\u2019environnement) sont possibles dans un cadre d\u00e9fini, en application de la doctrine ERC\u00a0: \u00e9viter, r\u00e9duire et compenser.<\/em><\/p><p><em>Pour plus d\u2019information, vous pouvez contacter les services de la Direction R\u00e9gionale de L\u2019Environnement, de l\u2019Am\u00e9nagement et du Logement (DREAL), de la Direction D\u00e9partementale des Territoires et de la Mer (DDTM) ainsi que l\u2019Office Fran\u00e7ais de la Biodiversit\u00e9 (OFB).<\/em><\/p>\t\t\t\t\t\t\t\t<\/div>\n\t\t\t\t<\/div>\n\t\t\t\t\t<\/div>\n\t\t<\/div>\n\t\t\t\t\t<\/div>\n\t\t<\/section>\n\t\t\t\t<\/div>\n\t\t","protected":false},"excerpt":{"rendered":"<p>Plusieurs chantiers d\u2019arrachage de haies ont \u00e9t\u00e9 constat\u00e9s sur le territoire de la MANCHE depuis le printemps 2020. Le lin\u00e9aire d\u00e9truit cumul\u00e9 par an est de plusieurs dizaines de kilom\u00e8tres. De nombreux riverains de&#46;&#46;&#46;<\/p>\n","protected":false},"author":2,"featured_media":5788,"comment_status":"open","ping_status":"open","sticky":false,"template":"","format":"standard","meta":{"footnotes":""},"categories":[1],"tags":[],"class_list":["post-5787","post","type-post","status-publish","format-standard","has-post-thumbnail","hentry","category-vie-commune"],"_links":{"self":[{"href":"https:\/\/anctovillesurboscq.fr\/index.php?rest_route=\/wp\/v2\/posts\/5787"}],"collection":[{"href":"https:\/\/anctovillesurboscq.fr\/index.php?rest_route=\/wp\/v2\/posts"}],"about":[{"href":"https:\/\/anctovillesurboscq.fr\/index.php?rest_route=\/wp\/v2\/types\/post"}],"author":[{"embeddable":true,"href":"https:\/\/anctovillesurboscq.fr\/index.php?rest_route=\/wp\/v2\/users\/2"}],"replies":[{"embeddable":true,"href":"https:\/\/anctovillesurboscq.fr\/index.php?rest_route=%2Fwp%2Fv2%2Fcomments&post=5787"}],"version-history":[{"count":0,"href":"https:\/\/anctovillesurboscq.fr\/index.php?rest_route=\/wp\/v2\/posts\/5787\/revisions"}],"wp:featuredmedia":[{"embeddable":true,"href":"https:\/\/anctovillesurboscq.fr\/index.php?rest_route=\/wp\/v2\/media\/5788"}],"wp:attachment":[{"href":"https:\/\/anctovillesurboscq.fr\/index.php?rest_route=%2Fwp%2Fv2%2Fmedia&parent=5787"}],"wp:term":[{"taxonomy":"category","embeddable":true,"href":"https:\/\/anctovillesurboscq.fr\/index.php?rest_route=%2Fwp%2Fv2%2Fcategories&post=5787"},{"taxonomy":"post_tag","embeddable":true,"href":"https:\/\/anctovillesurboscq.fr\/index.php?rest_route=%2Fwp%2Fv2%2Ftags&post=5787"}],"curies":[{"name":"wp","href":"https:\/\/api.w.org\/{rel}","templated":true}]}}