{"id":5417,"date":"2022-06-27T09:09:03","date_gmt":"2022-06-27T07:09:03","guid":{"rendered":"https:\/\/anctovillesurboscq.fr\/?p=5417"},"modified":"2022-06-27T09:11:00","modified_gmt":"2022-06-27T07:11:00","slug":"concert-du-25-juin","status":"publish","type":"post","link":"https:\/\/anctovillesurboscq.fr\/?p=5417","title":{"rendered":"Concert du 25 juin"},"content":{"rendered":"\t\t<div data-elementor-type=\"wp-post\" data-elementor-id=\"5417\" class=\"elementor elementor-5417\">\n\t\t\t\t\t\t<section class=\"elementor-section elementor-top-section elementor-element elementor-element-2590166 elementor-section-boxed elementor-section-height-default elementor-section-height-default\" data-id=\"2590166\" data-element_type=\"section\" data-e-type=\"section\">\n\t\t\t\t\t\t<div class=\"elementor-container elementor-column-gap-default\">\n\t\t\t\t\t<div class=\"elementor-column elementor-col-100 elementor-top-column elementor-element elementor-element-b2fd959\" data-id=\"b2fd959\" data-element_type=\"column\" data-e-type=\"column\">\n\t\t\t<div class=\"elementor-widget-wrap elementor-element-populated\">\n\t\t\t\t\t\t<div class=\"elementor-element elementor-element-14dd6bf elementor-widget elementor-widget-text-editor\" data-id=\"14dd6bf\" data-element_type=\"widget\" data-e-type=\"widget\" data-widget_type=\"text-editor.default\">\n\t\t\t\t<div class=\"elementor-widget-container\">\n\t\t\t\t\t\t\t\t\t<p>Dans une ambiance conviviale et dynamique, le groupe \u00ab\u00a0les Gens de la Mer\u00a0\u00bb a anim\u00e9 un concert, ce samedi 25 juin, en l&rsquo;\u00e9glise Saint-Martin d&rsquo;Anctoville.<\/p><p>Les invit\u00e9s ont pu \u00e9couter, mais \u00e9galement chanter, des chansons du r\u00e9pertoire marin.<\/p><p>Cet \u00e9v\u00e9nement gratuit organis\u00e9 par votre municipalit\u00e9 a permis de r\u00e9colter des dons au profit de l&rsquo;association d&rsquo;Anctoville \u00a0\u00bb Les Amis de Saint Martin\u00a0\u00bb.<\/p>\t\t\t\t\t\t\t\t<\/div>\n\t\t\t\t<\/div>\n\t\t\t\t\t<\/div>\n\t\t<\/div>\n\t\t\t\t\t<\/div>\n\t\t<\/section>\n\t\t\t\t<section class=\"elementor-section elementor-top-section elementor-element elementor-element-6ec3744 elementor-section-boxed elementor-section-height-default elementor-section-height-default\" data-id=\"6ec3744\" data-element_type=\"section\" data-e-type=\"section\">\n\t\t\t\t\t\t<div class=\"elementor-container elementor-column-gap-default\">\n\t\t\t\t\t<div class=\"elementor-column elementor-col-100 elementor-top-column elementor-element elementor-element-9acb95c\" data-id=\"9acb95c\" data-element_type=\"column\" data-e-type=\"column\">\n\t\t\t<div class=\"elementor-widget-wrap elementor-element-populated\">\n\t\t\t\t\t\t<div class=\"elementor-element elementor-element-7f2519c elementor-widget elementor-widget-image\" data-id=\"7f2519c\" data-element_type=\"widget\" data-e-type=\"widget\" data-widget_type=\"image.default\">\n\t\t\t\t<div class=\"elementor-widget-container\">\n\t\t\t\t\t\t\t\t\t\t\t\t\t\t\t<img fetchpriority=\"high\" decoding=\"async\" width=\"1024\" height=\"768\" src=\"https:\/\/anctovillesurboscq.fr\/wp-content\/uploads\/2022\/06\/les-gens-de-la-mer-2022-1024x768.jpg\" class=\"attachment-large size-large wp-image-5418\" alt=\"\" srcset=\"https:\/\/anctovillesurboscq.fr\/wp-content\/uploads\/2022\/06\/les-gens-de-la-mer-2022-1024x768.jpg 1024w, https:\/\/anctovillesurboscq.fr\/wp-content\/uploads\/2022\/06\/les-gens-de-la-mer-2022-300x225.jpg 300w, https:\/\/anctovillesurboscq.fr\/wp-content\/uploads\/2022\/06\/les-gens-de-la-mer-2022-768x576.jpg 768w, https:\/\/anctovillesurboscq.fr\/wp-content\/uploads\/2022\/06\/les-gens-de-la-mer-2022-1536x1152.jpg 1536w, https:\/\/anctovillesurboscq.fr\/wp-content\/uploads\/2022\/06\/les-gens-de-la-mer-2022-2048x1536.jpg 2048w, https:\/\/anctovillesurboscq.fr\/wp-content\/uploads\/2022\/06\/les-gens-de-la-mer-2022-1320x990.jpg 1320w\" sizes=\"(max-width: 1024px) 100vw, 1024px\" \/>\t\t\t\t\t\t\t\t\t\t\t\t\t\t\t<\/div>\n\t\t\t\t<\/div>\n\t\t\t\t\t<\/div>\n\t\t<\/div>\n\t\t\t\t\t<\/div>\n\t\t<\/section>\n\t\t\t\t<\/div>\n\t\t","protected":false},"excerpt":{"rendered":"<p>Dans une ambiance conviviale et dynamique, le groupe \u00ab\u00a0les Gens de la Mer\u00a0\u00bb a anim\u00e9 un concert, ce samedi 25 juin, en l&rsquo;\u00e9glise Saint-Martin d&rsquo;Anctoville. Les invit\u00e9s ont pu \u00e9couter, mais \u00e9galement chanter, des&#46;&#46;&#46;<\/p>\n","protected":false},"author":2,"featured_media":5419,"comment_status":"open","ping_status":"open","sticky":false,"template":"","format":"standard","meta":{"footnotes":""},"categories":[1],"tags":[],"class_list":["post-5417","post","type-post","status-publish","format-standard","has-post-thumbnail","hentry","category-vie-commune"],"_links":{"self":[{"href":"https:\/\/anctovillesurboscq.fr\/index.php?rest_route=\/wp\/v2\/posts\/5417"}],"collection":[{"href":"https:\/\/anctovillesurboscq.fr\/index.php?rest_route=\/wp\/v2\/posts"}],"about":[{"href":"https:\/\/anctovillesurboscq.fr\/index.php?rest_route=\/wp\/v2\/types\/post"}],"author":[{"embeddable":true,"href":"https:\/\/anctovillesurboscq.fr\/index.php?rest_route=\/wp\/v2\/users\/2"}],"replies":[{"embeddable":true,"href":"https:\/\/anctovillesurboscq.fr\/index.php?rest_route=%2Fwp%2Fv2%2Fcomments&post=5417"}],"version-history":[{"count":0,"href":"https:\/\/anctovillesurboscq.fr\/index.php?rest_route=\/wp\/v2\/posts\/5417\/revisions"}],"wp:featuredmedia":[{"embeddable":true,"href":"https:\/\/anctovillesurboscq.fr\/index.php?rest_route=\/wp\/v2\/media\/5419"}],"wp:attachment":[{"href":"https:\/\/anctovillesurboscq.fr\/index.php?rest_route=%2Fwp%2Fv2%2Fmedia&parent=5417"}],"wp:term":[{"taxonomy":"category","embeddable":true,"href":"https:\/\/anctovillesurboscq.fr\/index.php?rest_route=%2Fwp%2Fv2%2Fcategories&post=5417"},{"taxonomy":"post_tag","embeddable":true,"href":"https:\/\/anctovillesurboscq.fr\/index.php?rest_route=%2Fwp%2Fv2%2Ftags&post=5417"}],"curies":[{"name":"wp","href":"https:\/\/api.w.org\/{rel}","templated":true}]}}