{"id":5360,"date":"2022-06-08T16:35:40","date_gmt":"2022-06-08T14:35:40","guid":{"rendered":"https:\/\/anctovillesurboscq.fr\/?p=5360"},"modified":"2022-06-08T16:38:03","modified_gmt":"2022-06-08T14:38:03","slug":"transports-scolaires","status":"publish","type":"post","link":"https:\/\/anctovillesurboscq.fr\/?p=5360","title":{"rendered":"Transports scolaires"},"content":{"rendered":"\t\t<div data-elementor-type=\"wp-post\" data-elementor-id=\"5360\" class=\"elementor elementor-5360\">\n\t\t\t\t\t\t<section class=\"elementor-section elementor-top-section elementor-element elementor-element-d411405 elementor-section-boxed elementor-section-height-default elementor-section-height-default\" data-id=\"d411405\" data-element_type=\"section\" data-e-type=\"section\">\n\t\t\t\t\t\t<div class=\"elementor-container elementor-column-gap-default\">\n\t\t\t\t\t<div class=\"elementor-column elementor-col-100 elementor-top-column elementor-element elementor-element-7a9b01d\" data-id=\"7a9b01d\" data-element_type=\"column\" data-e-type=\"column\">\n\t\t\t<div class=\"elementor-widget-wrap elementor-element-populated\">\n\t\t\t\t\t\t<div class=\"elementor-element elementor-element-71439a6 elementor-widget elementor-widget-text-editor\" data-id=\"71439a6\" data-element_type=\"widget\" data-e-type=\"widget\" data-widget_type=\"text-editor.default\">\n\t\t\t\t<div class=\"elementor-widget-container\">\n\t\t\t\t\t\t\t\t\t<p><strong>Transports scolaires<\/strong><\/p><p><strong>Votre intercommunalit\u00e9 finance leur gratuit\u00e9 d\u00e8s la rentr\u00e9e\u00a0!<\/strong><\/p>\t\t\t\t\t\t\t\t<\/div>\n\t\t\t\t<\/div>\n\t\t\t\t\t<\/div>\n\t\t<\/div>\n\t\t\t\t\t<\/div>\n\t\t<\/section>\n\t\t\t\t<section class=\"elementor-section elementor-top-section elementor-element elementor-element-1729fae elementor-section-boxed elementor-section-height-default elementor-section-height-default\" data-id=\"1729fae\" data-element_type=\"section\" data-e-type=\"section\">\n\t\t\t\t\t\t<div class=\"elementor-container elementor-column-gap-default\">\n\t\t\t\t\t<div class=\"elementor-column elementor-col-100 elementor-top-column elementor-element elementor-element-177df42\" data-id=\"177df42\" data-element_type=\"column\" data-e-type=\"column\">\n\t\t\t<div class=\"elementor-widget-wrap elementor-element-populated\">\n\t\t\t\t\t\t<div class=\"elementor-element elementor-element-cc34181 elementor-widget elementor-widget-text-editor\" data-id=\"cc34181\" data-element_type=\"widget\" data-e-type=\"widget\" data-widget_type=\"text-editor.default\">\n\t\t\t\t<div class=\"elementor-widget-container\">\n\t\t\t\t\t\t\t\t\t<p>C\u2019est une volont\u00e9 forte de la Communaut\u00e9 de communes\u00a0: \u00e0 compter de la prochaine rentr\u00e9e, les transports scolaires seront gratuits pour tous les scolaires r\u00e9sidant sur les 32 communes du territoire de Granville Terre &amp; Mer. GTM a d\u00e9cid\u00e9 de prendre totalement en charge leur abonnement, que ce soit sur son r\u00e9seau N\u00e9va, ou sur le r\u00e9seau r\u00e9gional Nomad.<\/p><p>En zone urbaine, les lignes scolaires du r\u00e9seau N\u00e9va ont \u00e9t\u00e9 r\u00e9adapt\u00e9es pour mieux desservir les \u00e9tablissements. Sur le territoire, les transports scolaires continuent d\u2019\u00eatre assur\u00e9s par le r\u00e9seau r\u00e9gional Nomad.<\/p><p><strong>Mais d\u00e8s septembre, l\u2019un et l\u2019autre seront gratuits.<\/strong><\/p>\t\t\t\t\t\t\t\t<\/div>\n\t\t\t\t<\/div>\n\t\t\t\t\t<\/div>\n\t\t<\/div>\n\t\t\t\t\t<\/div>\n\t\t<\/section>\n\t\t\t\t<section class=\"elementor-section elementor-top-section elementor-element elementor-element-65c804c elementor-section-boxed elementor-section-height-default elementor-section-height-default\" data-id=\"65c804c\" data-element_type=\"section\" data-e-type=\"section\">\n\t\t\t\t\t\t<div class=\"elementor-container elementor-column-gap-default\">\n\t\t\t\t\t<div class=\"elementor-column elementor-col-100 elementor-top-column elementor-element elementor-element-d1d9390\" data-id=\"d1d9390\" data-element_type=\"column\" data-e-type=\"column\">\n\t\t\t<div class=\"elementor-widget-wrap elementor-element-populated\">\n\t\t\t\t\t\t<div class=\"elementor-element elementor-element-360ef4e elementor-widget elementor-widget-text-editor\" data-id=\"360ef4e\" data-element_type=\"widget\" data-e-type=\"widget\" data-widget_type=\"text-editor.default\">\n\t\t\t\t<div class=\"elementor-widget-container\">\n\t\t\t\t\t\t\t\t\t<p><strong>Pensez \u00e0 inscrire votre enfant\u00a0!<\/strong><\/p>\t\t\t\t\t\t\t\t<\/div>\n\t\t\t\t<\/div>\n\t\t\t\t\t<\/div>\n\t\t<\/div>\n\t\t\t\t\t<\/div>\n\t\t<\/section>\n\t\t\t\t<section class=\"elementor-section elementor-top-section elementor-element elementor-element-00cbf8d elementor-section-boxed elementor-section-height-default elementor-section-height-default\" data-id=\"00cbf8d\" data-element_type=\"section\" data-e-type=\"section\">\n\t\t\t\t\t\t<div class=\"elementor-container elementor-column-gap-default\">\n\t\t\t\t\t<div class=\"elementor-column elementor-col-100 elementor-top-column elementor-element elementor-element-7542d99\" data-id=\"7542d99\" data-element_type=\"column\" data-e-type=\"column\">\n\t\t\t<div class=\"elementor-widget-wrap elementor-element-populated\">\n\t\t\t\t\t\t<div class=\"elementor-element elementor-element-b2ae271 elementor-widget elementor-widget-text-editor\" data-id=\"b2ae271\" data-element_type=\"widget\" data-e-type=\"widget\" data-widget_type=\"text-editor.default\">\n\t\t\t\t<div class=\"elementor-widget-container\">\n\t\t\t\t\t\t\t\t\t<p>Attention, m\u00eame gratuite,<span style=\"text-decoration: underline;\"><strong> une carte de transport scolaire nominative reste obligatoire<\/strong><\/span> pour chaque enfant de moins de 18 ans r\u00e9sidant sur le territoire et utilisant r\u00e9guli\u00e8rement les r\u00e9seaux N\u00e9va ou Nomad pour se rendre dans son \u00e9tablissement scolaire.<\/p>\t\t\t\t\t\t\t\t<\/div>\n\t\t\t\t<\/div>\n\t\t\t\t\t<\/div>\n\t\t<\/div>\n\t\t\t\t\t<\/div>\n\t\t<\/section>\n\t\t\t\t<section class=\"elementor-section elementor-top-section elementor-element elementor-element-74a79fb elementor-section-boxed elementor-section-height-default elementor-section-height-default\" data-id=\"74a79fb\" data-element_type=\"section\" data-e-type=\"section\">\n\t\t\t\t\t\t<div class=\"elementor-container elementor-column-gap-default\">\n\t\t\t\t\t<div class=\"elementor-column elementor-col-100 elementor-top-column elementor-element elementor-element-c7657e0\" data-id=\"c7657e0\" data-element_type=\"column\" data-e-type=\"column\">\n\t\t\t<div class=\"elementor-widget-wrap elementor-element-populated\">\n\t\t\t\t\t\t<div class=\"elementor-element elementor-element-338707c elementor-widget elementor-widget-text-editor\" data-id=\"338707c\" data-element_type=\"widget\" data-e-type=\"widget\" data-widget_type=\"text-editor.default\">\n\t\t\t\t<div class=\"elementor-widget-container\">\n\t\t\t\t\t\t\t\t\t<p>Si votre enfant r\u00e9side sur l\u2019une des communes de Granville Terre &amp; Mer (hors Granville) et est scolaris\u00e9 sur le territoire ou en dehors, il voyage sur le r\u00e9seau Nomad\u00a0:<\/p><p style=\"text-align: center;\"><strong>Inscrivez-le entre le 14 juin au 31 juillet sur <a href=\"https:\/\/www.normandie.fr\/nomad\" target=\"_blank\" rel=\"noopener\">nomad.normandie.fr<\/a><\/strong><\/p>\t\t\t\t\t\t\t\t<\/div>\n\t\t\t\t<\/div>\n\t\t\t\t\t<\/div>\n\t\t<\/div>\n\t\t\t\t\t<\/div>\n\t\t<\/section>\n\t\t\t\t<\/div>\n\t\t","protected":false},"excerpt":{"rendered":"<p>Transports scolaires Votre intercommunalit\u00e9 finance leur gratuit\u00e9 d\u00e8s la rentr\u00e9e&nbsp;! C\u2019est une volont\u00e9 forte de la Communaut\u00e9 de communes&nbsp;: \u00e0 compter de la prochaine rentr\u00e9e, les transports scolaires seront gratuits pour tous les scolaires&#46;&#46;&#46;<\/p>\n","protected":false},"author":2,"featured_media":5366,"comment_status":"open","ping_status":"open","sticky":false,"template":"","format":"standard","meta":{"footnotes":""},"categories":[1],"tags":[],"class_list":["post-5360","post","type-post","status-publish","format-standard","has-post-thumbnail","hentry","category-vie-commune"],"_links":{"self":[{"href":"https:\/\/anctovillesurboscq.fr\/index.php?rest_route=\/wp\/v2\/posts\/5360"}],"collection":[{"href":"https:\/\/anctovillesurboscq.fr\/index.php?rest_route=\/wp\/v2\/posts"}],"about":[{"href":"https:\/\/anctovillesurboscq.fr\/index.php?rest_route=\/wp\/v2\/types\/post"}],"author":[{"embeddable":true,"href":"https:\/\/anctovillesurboscq.fr\/index.php?rest_route=\/wp\/v2\/users\/2"}],"replies":[{"embeddable":true,"href":"https:\/\/anctovillesurboscq.fr\/index.php?rest_route=%2Fwp%2Fv2%2Fcomments&post=5360"}],"version-history":[{"count":0,"href":"https:\/\/anctovillesurboscq.fr\/index.php?rest_route=\/wp\/v2\/posts\/5360\/revisions"}],"wp:featuredmedia":[{"embeddable":true,"href":"https:\/\/anctovillesurboscq.fr\/index.php?rest_route=\/wp\/v2\/media\/5366"}],"wp:attachment":[{"href":"https:\/\/anctovillesurboscq.fr\/index.php?rest_route=%2Fwp%2Fv2%2Fmedia&parent=5360"}],"wp:term":[{"taxonomy":"category","embeddable":true,"href":"https:\/\/anctovillesurboscq.fr\/index.php?rest_route=%2Fwp%2Fv2%2Fcategories&post=5360"},{"taxonomy":"post_tag","embeddable":true,"href":"https:\/\/anctovillesurboscq.fr\/index.php?rest_route=%2Fwp%2Fv2%2Ftags&post=5360"}],"curies":[{"name":"wp","href":"https:\/\/api.w.org\/{rel}","templated":true}]}}