{"id":5064,"date":"2022-03-04T14:07:43","date_gmt":"2022-03-04T13:07:43","guid":{"rendered":"https:\/\/anctovillesurboscq.fr\/?p=5064"},"modified":"2022-03-04T14:26:35","modified_gmt":"2022-03-04T13:26:35","slug":"actions-de-solidarite-ukraine-sur-le-territoire-de-gtm","status":"publish","type":"post","link":"https:\/\/anctovillesurboscq.fr\/?p=5064","title":{"rendered":"Actions de solidarit\u00e9\/Ukraine, sur le territoire de GTM"},"content":{"rendered":"\t\t<div data-elementor-type=\"wp-post\" data-elementor-id=\"5064\" class=\"elementor elementor-5064\">\n\t\t\t\t\t\t<section class=\"elementor-section elementor-top-section elementor-element elementor-element-04ee555 elementor-section-boxed elementor-section-height-default elementor-section-height-default\" data-id=\"04ee555\" data-element_type=\"section\" data-e-type=\"section\">\n\t\t\t\t\t\t<div class=\"elementor-container elementor-column-gap-default\">\n\t\t\t\t\t<div class=\"elementor-column elementor-col-100 elementor-top-column elementor-element elementor-element-15f8a39\" data-id=\"15f8a39\" data-element_type=\"column\" data-e-type=\"column\">\n\t\t\t<div class=\"elementor-widget-wrap elementor-element-populated\">\n\t\t\t\t\t\t<div class=\"elementor-element elementor-element-0cb2d21 elementor-widget elementor-widget-image\" data-id=\"0cb2d21\" data-element_type=\"widget\" data-e-type=\"widget\" data-widget_type=\"image.default\">\n\t\t\t\t<div class=\"elementor-widget-container\">\n\t\t\t\t\t\t\t\t\t\t\t\t\t\t\t<img fetchpriority=\"high\" decoding=\"async\" width=\"1024\" height=\"517\" src=\"https:\/\/anctovillesurboscq.fr\/wp-content\/uploads\/2022\/03\/2022-03-01_Gtm_Soutien_Ukraine_Jpeg-1-1024x517.jpg\" class=\"attachment-large size-large wp-image-5054\" alt=\"\" srcset=\"https:\/\/anctovillesurboscq.fr\/wp-content\/uploads\/2022\/03\/2022-03-01_Gtm_Soutien_Ukraine_Jpeg-1-1024x517.jpg 1024w, https:\/\/anctovillesurboscq.fr\/wp-content\/uploads\/2022\/03\/2022-03-01_Gtm_Soutien_Ukraine_Jpeg-1-300x152.jpg 300w, https:\/\/anctovillesurboscq.fr\/wp-content\/uploads\/2022\/03\/2022-03-01_Gtm_Soutien_Ukraine_Jpeg-1-768x388.jpg 768w, https:\/\/anctovillesurboscq.fr\/wp-content\/uploads\/2022\/03\/2022-03-01_Gtm_Soutien_Ukraine_Jpeg-1-1536x776.jpg 1536w, https:\/\/anctovillesurboscq.fr\/wp-content\/uploads\/2022\/03\/2022-03-01_Gtm_Soutien_Ukraine_Jpeg-1-2048x1035.jpg 2048w, https:\/\/anctovillesurboscq.fr\/wp-content\/uploads\/2022\/03\/2022-03-01_Gtm_Soutien_Ukraine_Jpeg-1-1320x667.jpg 1320w\" sizes=\"(max-width: 1024px) 100vw, 1024px\" \/>\t\t\t\t\t\t\t\t\t\t\t\t\t\t\t<\/div>\n\t\t\t\t<\/div>\n\t\t\t\t\t<\/div>\n\t\t<\/div>\n\t\t\t\t\t<\/div>\n\t\t<\/section>\n\t\t\t\t<section class=\"elementor-section elementor-top-section elementor-element elementor-element-af7ba66 elementor-section-boxed elementor-section-height-default elementor-section-height-default\" data-id=\"af7ba66\" data-element_type=\"section\" data-e-type=\"section\">\n\t\t\t\t\t\t<div class=\"elementor-container elementor-column-gap-default\">\n\t\t\t\t\t<div class=\"elementor-column elementor-col-100 elementor-top-column elementor-element elementor-element-b893e59\" data-id=\"b893e59\" data-element_type=\"column\" data-e-type=\"column\">\n\t\t\t<div class=\"elementor-widget-wrap elementor-element-populated\">\n\t\t\t\t\t\t<div class=\"elementor-element elementor-element-738e2a9 elementor-widget elementor-widget-heading\" data-id=\"738e2a9\" data-element_type=\"widget\" data-e-type=\"widget\" data-widget_type=\"heading.default\">\n\t\t\t\t<div class=\"elementor-widget-container\">\n\t\t\t\t\t<h4 class=\"elementor-heading-title elementor-size-default\">Appel aux dons au profit des Ukrainiens via le Comit\u00e9 International de la Croix Rouge (CICR)<\/h4>\t\t\t\t<\/div>\n\t\t\t\t<\/div>\n\t\t\t\t\t<\/div>\n\t\t<\/div>\n\t\t\t\t\t<\/div>\n\t\t<\/section>\n\t\t\t\t<section class=\"elementor-section elementor-top-section elementor-element elementor-element-db9a905 elementor-section-boxed elementor-section-height-default elementor-section-height-default\" data-id=\"db9a905\" data-element_type=\"section\" data-e-type=\"section\">\n\t\t\t\t\t\t<div class=\"elementor-container elementor-column-gap-default\">\n\t\t\t\t\t<div class=\"elementor-column elementor-col-100 elementor-top-column elementor-element elementor-element-b822d22\" data-id=\"b822d22\" data-element_type=\"column\" data-e-type=\"column\">\n\t\t\t<div class=\"elementor-widget-wrap elementor-element-populated\">\n\t\t\t\t\t\t<div class=\"elementor-element elementor-element-a9f37aa elementor-widget elementor-widget-text-editor\" data-id=\"a9f37aa\" data-element_type=\"widget\" data-e-type=\"widget\" data-widget_type=\"text-editor.default\">\n\t\t\t\t<div class=\"elementor-widget-container\">\n\t\t\t\t\t\t\t\t\t<ul><li>en ligne \u00e0 l\u2019adresse suivante\u00a0<a href=\"https:\/\/www.icrc.org\/fr\/don\/crise-en-ukraine-0\" target=\"_blank\" rel=\"noopener\">https:\/\/www.icrc.org\/fr\/don\/crise-en-ukraine-0<\/a><\/li><li>par ch\u00e8que \u00e0 l\u2019ordre de CIRC\/Ukraine, adress\u00e9 \u00e0 La Croix Rouge fran\u00e7aise \u2013 Rue Saint-Paul \u2013 Forum Jules Ferry \u00e0 Granville (ou \u00e0 d\u00e9poser \u00e0 la mairie)<\/li><\/ul>\t\t\t\t\t\t\t\t<\/div>\n\t\t\t\t<\/div>\n\t\t\t\t\t<\/div>\n\t\t<\/div>\n\t\t\t\t\t<\/div>\n\t\t<\/section>\n\t\t\t\t<section class=\"elementor-section elementor-top-section elementor-element elementor-element-dbbb2f8 elementor-section-boxed elementor-section-height-default elementor-section-height-default\" data-id=\"dbbb2f8\" data-element_type=\"section\" data-e-type=\"section\">\n\t\t\t\t\t\t<div class=\"elementor-container elementor-column-gap-default\">\n\t\t\t\t\t<div class=\"elementor-column elementor-col-100 elementor-top-column elementor-element elementor-element-fc4aff4\" data-id=\"fc4aff4\" data-element_type=\"column\" data-e-type=\"column\">\n\t\t\t<div class=\"elementor-widget-wrap elementor-element-populated\">\n\t\t\t\t\t\t<div class=\"elementor-element elementor-element-75d4f78 elementor-widget elementor-widget-heading\" data-id=\"75d4f78\" data-element_type=\"widget\" data-e-type=\"widget\" data-widget_type=\"heading.default\">\n\t\t\t\t<div class=\"elementor-widget-container\">\n\t\t\t\t\t<h4 class=\"elementor-heading-title elementor-size-default\">Appel aux dons aux profit des r\u00e9fugi\u00e9s ukrainiens de la Ville de Siret en Roumanie, jumel\u00e9e avec Granville, dans le cadre de l\u2019association Granville Partenaire Europ\u00e9en Douzelage.<\/h4>\t\t\t\t<\/div>\n\t\t\t\t<\/div>\n\t\t\t\t\t<\/div>\n\t\t<\/div>\n\t\t\t\t\t<\/div>\n\t\t<\/section>\n\t\t\t\t<section class=\"elementor-section elementor-top-section elementor-element elementor-element-d95af2a elementor-section-boxed elementor-section-height-default elementor-section-height-default\" data-id=\"d95af2a\" data-element_type=\"section\" data-e-type=\"section\">\n\t\t\t\t\t\t<div class=\"elementor-container elementor-column-gap-default\">\n\t\t\t\t\t<div class=\"elementor-column elementor-col-100 elementor-top-column elementor-element elementor-element-0b9fd14\" data-id=\"0b9fd14\" data-element_type=\"column\" data-e-type=\"column\">\n\t\t\t<div class=\"elementor-widget-wrap elementor-element-populated\">\n\t\t\t\t\t\t<div class=\"elementor-element elementor-element-13e829b elementor-widget elementor-widget-text-editor\" data-id=\"13e829b\" data-element_type=\"widget\" data-e-type=\"widget\" data-widget_type=\"text-editor.default\">\n\t\t\t\t<div class=\"elementor-widget-container\">\n\t\t\t\t\t\t\t\t\t<p>La Ville de Siret fait face \u00e0 un afflux tr\u00e8s important de r\u00e9fugi\u00e9s et a des besoins mat\u00e9riels et de soins<\/p><ul><li>Par ch\u00e8que \u00e0 l\u2019ordre de Granville Partenaire europ\u00e9en. Les ch\u00e8ques sont centralis\u00e9s \u00e0 l\u2019H\u00f4tel de Ville de Granville, au CCAS de Granville ou au centre social l\u2019Agora de Granville<\/li><li>L\u2019association Granville Partenaire europ\u00e9en tiendra un stand au march\u00e9 couvert \u00e0 Granville le samedi 5 mars.<\/li><\/ul>\t\t\t\t\t\t\t\t<\/div>\n\t\t\t\t<\/div>\n\t\t\t\t\t<\/div>\n\t\t<\/div>\n\t\t\t\t\t<\/div>\n\t\t<\/section>\n\t\t\t\t<section class=\"elementor-section elementor-top-section elementor-element elementor-element-3a4ab1d elementor-section-boxed elementor-section-height-default elementor-section-height-default\" data-id=\"3a4ab1d\" data-element_type=\"section\" data-e-type=\"section\">\n\t\t\t\t\t\t<div class=\"elementor-container elementor-column-gap-default\">\n\t\t\t\t\t<div class=\"elementor-column elementor-col-100 elementor-top-column elementor-element elementor-element-aebc990\" data-id=\"aebc990\" data-element_type=\"column\" data-e-type=\"column\">\n\t\t\t<div class=\"elementor-widget-wrap elementor-element-populated\">\n\t\t\t\t\t\t<div class=\"elementor-element elementor-element-e0c4059 elementor-widget elementor-widget-heading\" data-id=\"e0c4059\" data-element_type=\"widget\" data-e-type=\"widget\" data-widget_type=\"heading.default\">\n\t\t\t\t<div class=\"elementor-widget-container\">\n\t\t\t\t\t<h4 class=\"elementor-heading-title elementor-size-default\">Collecte de produits de premi\u00e8re n\u00e9cessit\u00e9 pour r\u00e9pondre aux besoins des Ukrainiens<\/h4>\t\t\t\t<\/div>\n\t\t\t\t<\/div>\n\t\t\t\t\t<\/div>\n\t\t<\/div>\n\t\t\t\t\t<\/div>\n\t\t<\/section>\n\t\t\t\t<section class=\"elementor-section elementor-top-section elementor-element elementor-element-12db2c4 elementor-section-boxed elementor-section-height-default elementor-section-height-default\" data-id=\"12db2c4\" data-element_type=\"section\" data-e-type=\"section\">\n\t\t\t\t\t\t<div class=\"elementor-container elementor-column-gap-default\">\n\t\t\t\t\t<div class=\"elementor-column elementor-col-100 elementor-top-column elementor-element elementor-element-f2e5720\" data-id=\"f2e5720\" data-element_type=\"column\" data-e-type=\"column\">\n\t\t\t<div class=\"elementor-widget-wrap elementor-element-populated\">\n\t\t\t\t\t\t<div class=\"elementor-element elementor-element-6c14fb1 elementor-widget elementor-widget-text-editor\" data-id=\"6c14fb1\" data-element_type=\"widget\" data-e-type=\"widget\" data-widget_type=\"text-editor.default\">\n\t\t\t\t<div class=\"elementor-widget-container\">\n\t\t\t\t\t\t\t\t\t<p>\u00c0 compter du lundi 7 mars 2022, les habitants du territoire pourront d\u00e9poser du mat\u00e9riel dans les mairies qui se sont d\u00e9j\u00e0 organis\u00e9es :\u00a0<\/p><p><strong>Donville-les-Bains, Yquelon, Saint-Planchers, Saint-Pair-sur-Mer, Jullouville, Saint-Aubin-des-Pr\u00e9aux et Granville<\/strong>, durant leurs horaires d\u2019ouverture,<\/p><p>ainsi que dans l\u2019ancienne \u00e9cole Pierre et Marie Curie de Granville, les lundis et mercredis, de 16 h \u00e0 19 h, et les samedis, de 9 h \u00e0 12 h.<\/p>\t\t\t\t\t\t\t\t<\/div>\n\t\t\t\t<\/div>\n\t\t\t\t\t<\/div>\n\t\t<\/div>\n\t\t\t\t\t<\/div>\n\t\t<\/section>\n\t\t\t\t<section class=\"elementor-section elementor-top-section elementor-element elementor-element-57d9b32 elementor-section-boxed elementor-section-height-default elementor-section-height-default\" data-id=\"57d9b32\" data-element_type=\"section\" data-e-type=\"section\">\n\t\t\t\t\t\t<div class=\"elementor-container elementor-column-gap-default\">\n\t\t\t\t\t<div class=\"elementor-column elementor-col-100 elementor-top-column elementor-element elementor-element-a721cc2\" data-id=\"a721cc2\" data-element_type=\"column\" data-e-type=\"column\">\n\t\t\t<div class=\"elementor-widget-wrap elementor-element-populated\">\n\t\t\t\t\t\t<div class=\"elementor-element elementor-element-4874a34 elementor-widget elementor-widget-text-editor\" data-id=\"4874a34\" data-element_type=\"widget\" data-e-type=\"widget\" data-widget_type=\"text-editor.default\">\n\t\t\t\t<div class=\"elementor-widget-container\">\n\t\t\t\t\t\t\t\t\t<p>Les Ukrainiens ont besoin des produits list\u00e9s ci-dessous.<\/p><p><strong><span style=\"text-decoration: underline;\">Hygi\u00e8ne<\/span><\/strong><\/p><ul><li>savon, dentifrice et brosses \u00e0 dents, couches et serviettes, tampons, rouleaux d\u2019essuie-tout, masques r\u00e9utilisables et jetables,<\/li><li>bandages, solutions d\u00e9sinfectantes, s\u00e9rum physiologique, gants jetables, garrots, trousses de premiers secours, antiseptique<\/li><\/ul><p><span style=\"text-decoration: underline;\"><strong>Alimentaire<\/strong><\/span><\/p><ul><li>barres \u00e9nerg\u00e9tiques, fruits secs, noix, vermicelles, c\u00e9r\u00e9ales instantan\u00e9es,<\/li><li>nourriture pour nourrisson (lait en poudre), th\u00e9, caf\u00e9.<\/li><\/ul><p><span style=\"text-decoration: underline;\"><strong>Equipement<\/strong><\/span><\/p><ul><li>couvertures chaudes, couvertures de survie, sacs de couchage, tapis de randonn\u00e9e, plaids, imperm\u00e9ables,<\/li><li>tentes, serviettes en microfibre, vaisselle r\u00e9utilisable,<\/li><li>piles, bougies, lanternes,<\/li><li>powerbank (batteries externes),<\/li><li>talkies-walkies Motorola<\/li><li>v\u00eatements chauds, sous-v\u00eatements de ski,<\/li><li>sous-v\u00eatements chauds femme\/homme et enfant, chaussettes<\/li><\/ul>\t\t\t\t\t\t\t\t<\/div>\n\t\t\t\t<\/div>\n\t\t\t\t\t<\/div>\n\t\t<\/div>\n\t\t\t\t\t<\/div>\n\t\t<\/section>\n\t\t\t\t<section class=\"elementor-section elementor-top-section elementor-element elementor-element-8ceec8b elementor-section-boxed elementor-section-height-default elementor-section-height-default\" data-id=\"8ceec8b\" data-element_type=\"section\" data-e-type=\"section\">\n\t\t\t\t\t\t<div class=\"elementor-container elementor-column-gap-default\">\n\t\t\t\t\t<div class=\"elementor-column elementor-col-100 elementor-top-column elementor-element elementor-element-5799291\" data-id=\"5799291\" data-element_type=\"column\" data-e-type=\"column\">\n\t\t\t<div class=\"elementor-widget-wrap elementor-element-populated\">\n\t\t\t\t\t\t<div class=\"elementor-element elementor-element-7efc9a3 elementor-widget elementor-widget-image\" data-id=\"7efc9a3\" data-element_type=\"widget\" data-e-type=\"widget\" data-widget_type=\"image.default\">\n\t\t\t\t<div class=\"elementor-widget-container\">\n\t\t\t\t\t\t\t\t\t\t\t\t\t\t\t\t<a href=\"https:\/\/www.icrc.org\/fr\/don\/crise-en-ukraine-0\" target=\"_blank\">\n\t\t\t\t\t\t\t<img decoding=\"async\" width=\"437\" height=\"621\" src=\"https:\/\/anctovillesurboscq.fr\/wp-content\/uploads\/2022\/03\/urgence-ukraine.jpg\" class=\"attachment-large size-large wp-image-5067\" alt=\"\" srcset=\"https:\/\/anctovillesurboscq.fr\/wp-content\/uploads\/2022\/03\/urgence-ukraine.jpg 437w, https:\/\/anctovillesurboscq.fr\/wp-content\/uploads\/2022\/03\/urgence-ukraine-211x300.jpg 211w\" sizes=\"(max-width: 437px) 100vw, 437px\" \/>\t\t\t\t\t\t\t\t<\/a>\n\t\t\t\t\t\t\t\t\t\t\t\t\t\t\t<\/div>\n\t\t\t\t<\/div>\n\t\t\t\t\t<\/div>\n\t\t<\/div>\n\t\t\t\t\t<\/div>\n\t\t<\/section>\n\t\t\t\t<\/div>\n\t\t","protected":false},"excerpt":{"rendered":"<p>Appel aux dons au profit des Ukrainiens via le Comit\u00e9 International de la Croix Rouge (CICR) en ligne \u00e0 l\u2019adresse suivante\u00a0https:\/\/www.icrc.org\/fr\/don\/crise-en-ukraine-0 par ch\u00e8que \u00e0 l\u2019ordre de CIRC\/Ukraine, adress\u00e9 \u00e0 La Croix Rouge fran\u00e7aise \u2013&#46;&#46;&#46;<\/p>\n","protected":false},"author":2,"featured_media":5075,"comment_status":"open","ping_status":"open","sticky":false,"template":"","format":"standard","meta":{"footnotes":""},"categories":[1],"tags":[],"class_list":["post-5064","post","type-post","status-publish","format-standard","has-post-thumbnail","hentry","category-vie-commune"],"_links":{"self":[{"href":"https:\/\/anctovillesurboscq.fr\/index.php?rest_route=\/wp\/v2\/posts\/5064"}],"collection":[{"href":"https:\/\/anctovillesurboscq.fr\/index.php?rest_route=\/wp\/v2\/posts"}],"about":[{"href":"https:\/\/anctovillesurboscq.fr\/index.php?rest_route=\/wp\/v2\/types\/post"}],"author":[{"embeddable":true,"href":"https:\/\/anctovillesurboscq.fr\/index.php?rest_route=\/wp\/v2\/users\/2"}],"replies":[{"embeddable":true,"href":"https:\/\/anctovillesurboscq.fr\/index.php?rest_route=%2Fwp%2Fv2%2Fcomments&post=5064"}],"version-history":[{"count":0,"href":"https:\/\/anctovillesurboscq.fr\/index.php?rest_route=\/wp\/v2\/posts\/5064\/revisions"}],"wp:featuredmedia":[{"embeddable":true,"href":"https:\/\/anctovillesurboscq.fr\/index.php?rest_route=\/wp\/v2\/media\/5075"}],"wp:attachment":[{"href":"https:\/\/anctovillesurboscq.fr\/index.php?rest_route=%2Fwp%2Fv2%2Fmedia&parent=5064"}],"wp:term":[{"taxonomy":"category","embeddable":true,"href":"https:\/\/anctovillesurboscq.fr\/index.php?rest_route=%2Fwp%2Fv2%2Fcategories&post=5064"},{"taxonomy":"post_tag","embeddable":true,"href":"https:\/\/anctovillesurboscq.fr\/index.php?rest_route=%2Fwp%2Fv2%2Ftags&post=5064"}],"curies":[{"name":"wp","href":"https:\/\/api.w.org\/{rel}","templated":true}]}}