{"id":4757,"date":"2021-11-29T09:21:01","date_gmt":"2021-11-29T08:21:01","guid":{"rendered":"https:\/\/anctovillesurboscq.fr\/?p=4757"},"modified":"2021-11-29T09:43:33","modified_gmt":"2021-11-29T08:43:33","slug":"port-du-masque-obligatoire-2","status":"publish","type":"post","link":"https:\/\/anctovillesurboscq.fr\/?p=4757","title":{"rendered":"Port du masque obligatoire"},"content":{"rendered":"\t\t<div data-elementor-type=\"wp-post\" data-elementor-id=\"4757\" class=\"elementor elementor-4757\">\n\t\t\t\t\t\t<section class=\"elementor-section elementor-top-section elementor-element elementor-element-4889b49 elementor-section-boxed elementor-section-height-default elementor-section-height-default\" data-id=\"4889b49\" data-element_type=\"section\" data-e-type=\"section\">\n\t\t\t\t\t\t<div class=\"elementor-container elementor-column-gap-default\">\n\t\t\t\t\t<div class=\"elementor-column elementor-col-100 elementor-top-column elementor-element elementor-element-97629e9\" data-id=\"97629e9\" data-element_type=\"column\" data-e-type=\"column\">\n\t\t\t<div class=\"elementor-widget-wrap elementor-element-populated\">\n\t\t\t\t\t\t<div class=\"elementor-element elementor-element-ee6a506 elementor-widget elementor-widget-text-editor\" data-id=\"ee6a506\" data-element_type=\"widget\" data-e-type=\"widget\" data-widget_type=\"text-editor.default\">\n\t\t\t\t<div class=\"elementor-widget-container\">\n\t\t\t\t\t\t\t\t\t<p><strong>Le port du masque est obligatoire dans le d\u00e9partement pour les personnes \u00e2g\u00e9es de onze ans et plus, jusqu&rsquo;au 26 janvier 2022.<\/strong><\/p><p><span style=\"text-decoration: underline;\"><strong>A l&rsquo;ext\u00e9rieur<\/strong><\/span> :<\/p><ul><li>sur les march\u00e9s quelle que soit leur nature, brocantes, ventes \u00e0 d\u00e9ballage de plein air ou couverts ;<\/li><li>dans les rassemblements publics, quelle que soit leur nature culturelle, sportive ou festive. Cette obligation ne fait pas obstacle \u00e0 ce que le masque soit momentan\u00e9ment retir\u00e9 pour l&rsquo;accomplissement des rites cultuels qui le n\u00e9cessitent ;<\/li><li>aux abords des gares, stations ou arr\u00eats de bus, dans un rayon de 50 m\u00e8tres ;<\/li><li>aux abords des centres commerciaux, dans les p\u00e9riodes de forte fr\u00e9quentation et de concentration de personnes ;<\/li><li>aux abords des \u00e9tablissements scolaires dans un p\u00e9rim\u00e8tre de 50 m\u00e8tres :<\/li><li>aux abords des \u00e9difices et lieux de cultures dans un p\u00e9rim\u00e8tre de 50 m\u00e8tres ;\u00a0<\/li><li>dans les files d&rsquo;attente en ext\u00e9rieur ;<\/li><li>au Mont Saint Michel intra-muros tous les jours de 10 h \u00e019h.<\/li><\/ul>\t\t\t\t\t\t\t\t<\/div>\n\t\t\t\t<\/div>\n\t\t\t\t\t<\/div>\n\t\t<\/div>\n\t\t\t\t\t<\/div>\n\t\t<\/section>\n\t\t\t\t<section class=\"elementor-section elementor-top-section elementor-element elementor-element-add50f4 elementor-section-boxed elementor-section-height-default elementor-section-height-default\" data-id=\"add50f4\" data-element_type=\"section\" data-e-type=\"section\">\n\t\t\t\t\t\t<div class=\"elementor-container elementor-column-gap-default\">\n\t\t\t\t\t<div class=\"elementor-column elementor-col-100 elementor-top-column elementor-element elementor-element-df595fb\" data-id=\"df595fb\" data-element_type=\"column\" data-e-type=\"column\">\n\t\t\t<div class=\"elementor-widget-wrap elementor-element-populated\">\n\t\t\t\t\t\t<div class=\"elementor-element elementor-element-966cf7c elementor-widget elementor-widget-text-editor\" data-id=\"966cf7c\" data-element_type=\"widget\" data-e-type=\"widget\" data-widget_type=\"text-editor.default\">\n\t\t\t\t<div class=\"elementor-widget-container\">\n\t\t\t\t\t\t\t\t\t<p>L&rsquo;obligation du port du masque ne s&rsquo;applique pas :<\/p><ul><li>aux personnes en situation de handicap ou munies d&rsquo;un certificat m\u00e9dical justifiant de cette d\u00e9rogation et qui mettent en \u0153uvre les mesures sanitaires de nature \u00e0 pr\u00e9venir la propagation du virus ;<\/li><li>aux deux-roues, aux engins motoris\u00e9s, aux conducteurs de v\u00e9hicules et \u00e0 leurs passagers ;<\/li><li>aux personnes pratiquant une activit\u00e9 physique (ex : v\u00e9lo, course \u00e0 pied, etc). Ces personnes sont toutefois tenue de d\u00e9tenir un masque qui doit \u00eatre port\u00e9 d\u00e8s la fin ou l&rsquo;interruption de leur activit\u00e9.\u00a0<\/li><\/ul>\t\t\t\t\t\t\t\t<\/div>\n\t\t\t\t<\/div>\n\t\t\t\t\t<\/div>\n\t\t<\/div>\n\t\t\t\t\t<\/div>\n\t\t<\/section>\n\t\t\t\t<section class=\"elementor-section elementor-top-section elementor-element elementor-element-d5e4bb5 elementor-section-boxed elementor-section-height-default elementor-section-height-default\" data-id=\"d5e4bb5\" data-element_type=\"section\" data-e-type=\"section\">\n\t\t\t\t\t\t<div class=\"elementor-container elementor-column-gap-default\">\n\t\t\t\t\t<div class=\"elementor-column elementor-col-100 elementor-top-column elementor-element elementor-element-a3588f3\" data-id=\"a3588f3\" data-element_type=\"column\" data-e-type=\"column\">\n\t\t\t<div class=\"elementor-widget-wrap elementor-element-populated\">\n\t\t\t\t\t\t<div class=\"elementor-element elementor-element-aee769b elementor-align-center elementor-widget elementor-widget-button\" data-id=\"aee769b\" data-element_type=\"widget\" data-e-type=\"widget\" data-widget_type=\"button.default\">\n\t\t\t\t<div class=\"elementor-widget-container\">\n\t\t\t\t\t\t\t\t\t<div class=\"elementor-button-wrapper\">\n\t\t\t\t\t<a class=\"elementor-button elementor-button-link elementor-size-sm\" href=\"https:\/\/anctovillesurboscq.fr\/wp-content\/uploads\/2021\/11\/Arr\u00eat\u00e9-port-du-masque-dans-ERP.pdf\" target=\"_blank\">\n\t\t\t\t\t\t<span class=\"elementor-button-content-wrapper\">\n\t\t\t\t\t\t\t\t\t<span class=\"elementor-button-text\">Arr\u00eat\u00e9 n\u00b0 2021-072-SIDPC du 26 novembre 2021 <\/span>\n\t\t\t\t\t<\/span>\n\t\t\t\t\t<\/a>\n\t\t\t\t<\/div>\n\t\t\t\t\t\t\t\t<\/div>\n\t\t\t\t<\/div>\n\t\t\t\t\t<\/div>\n\t\t<\/div>\n\t\t\t\t\t<\/div>\n\t\t<\/section>\n\t\t\t\t<\/div>\n\t\t","protected":false},"excerpt":{"rendered":"<p>Le port du masque est obligatoire dans le d\u00e9partement pour les personnes \u00e2g\u00e9es de onze ans et plus, jusqu&rsquo;au 26 janvier 2022. A l&rsquo;ext\u00e9rieur : sur les march\u00e9s quelle que soit leur nature, brocantes,&#46;&#46;&#46;<\/p>\n","protected":false},"author":2,"featured_media":2908,"comment_status":"open","ping_status":"open","sticky":false,"template":"","format":"standard","meta":{"footnotes":""},"categories":[1],"tags":[],"class_list":["post-4757","post","type-post","status-publish","format-standard","has-post-thumbnail","hentry","category-vie-commune"],"_links":{"self":[{"href":"https:\/\/anctovillesurboscq.fr\/index.php?rest_route=\/wp\/v2\/posts\/4757"}],"collection":[{"href":"https:\/\/anctovillesurboscq.fr\/index.php?rest_route=\/wp\/v2\/posts"}],"about":[{"href":"https:\/\/anctovillesurboscq.fr\/index.php?rest_route=\/wp\/v2\/types\/post"}],"author":[{"embeddable":true,"href":"https:\/\/anctovillesurboscq.fr\/index.php?rest_route=\/wp\/v2\/users\/2"}],"replies":[{"embeddable":true,"href":"https:\/\/anctovillesurboscq.fr\/index.php?rest_route=%2Fwp%2Fv2%2Fcomments&post=4757"}],"version-history":[{"count":0,"href":"https:\/\/anctovillesurboscq.fr\/index.php?rest_route=\/wp\/v2\/posts\/4757\/revisions"}],"wp:featuredmedia":[{"embeddable":true,"href":"https:\/\/anctovillesurboscq.fr\/index.php?rest_route=\/wp\/v2\/media\/2908"}],"wp:attachment":[{"href":"https:\/\/anctovillesurboscq.fr\/index.php?rest_route=%2Fwp%2Fv2%2Fmedia&parent=4757"}],"wp:term":[{"taxonomy":"category","embeddable":true,"href":"https:\/\/anctovillesurboscq.fr\/index.php?rest_route=%2Fwp%2Fv2%2Fcategories&post=4757"},{"taxonomy":"post_tag","embeddable":true,"href":"https:\/\/anctovillesurboscq.fr\/index.php?rest_route=%2Fwp%2Fv2%2Ftags&post=4757"}],"curies":[{"name":"wp","href":"https:\/\/api.w.org\/{rel}","templated":true}]}}