{"id":4727,"date":"2021-11-24T16:32:35","date_gmt":"2021-11-24T15:32:35","guid":{"rendered":"https:\/\/anctovillesurboscq.fr\/?p=4727"},"modified":"2021-11-24T16:40:24","modified_gmt":"2021-11-24T15:40:24","slug":"influenza-aviaire","status":"publish","type":"post","link":"https:\/\/anctovillesurboscq.fr\/?p=4727","title":{"rendered":"Influenza aviaire, risque \u00ab\u00a0\u00e9lev\u00e9\u00a0\u00bb"},"content":{"rendered":"\t\t<div data-elementor-type=\"wp-post\" data-elementor-id=\"4727\" class=\"elementor elementor-4727\">\n\t\t\t\t\t\t<section class=\"elementor-section elementor-top-section elementor-element elementor-element-53d7c2b elementor-section-boxed elementor-section-height-default elementor-section-height-default\" data-id=\"53d7c2b\" data-element_type=\"section\" data-e-type=\"section\">\n\t\t\t\t\t\t<div class=\"elementor-container elementor-column-gap-default\">\n\t\t\t\t\t<div class=\"elementor-column elementor-col-100 elementor-top-column elementor-element elementor-element-14a1500\" data-id=\"14a1500\" data-element_type=\"column\" data-e-type=\"column\">\n\t\t\t<div class=\"elementor-widget-wrap elementor-element-populated\">\n\t\t\t\t\t\t<div class=\"elementor-element elementor-element-71d6bc6 elementor-widget elementor-widget-heading\" data-id=\"71d6bc6\" data-element_type=\"widget\" data-e-type=\"widget\" data-widget_type=\"heading.default\">\n\t\t\t\t<div class=\"elementor-widget-container\">\n\t\t\t\t\t<h5 class=\"elementor-heading-title elementor-size-default\">La France passe au niveau de risque \u00ab \u00e9lev\u00e9 \u00bb sur le territoire hexagonal et renforce la gouvernance de crise face \u00e0 la progression du virus en Europe <\/h5>\t\t\t\t<\/div>\n\t\t\t\t<\/div>\n\t\t\t\t\t<\/div>\n\t\t<\/div>\n\t\t\t\t\t<\/div>\n\t\t<\/section>\n\t\t\t\t<section class=\"elementor-section elementor-top-section elementor-element elementor-element-133fc6e elementor-section-boxed elementor-section-height-default elementor-section-height-default\" data-id=\"133fc6e\" data-element_type=\"section\" data-e-type=\"section\">\n\t\t\t\t\t\t<div class=\"elementor-container elementor-column-gap-default\">\n\t\t\t\t\t<div class=\"elementor-column elementor-col-100 elementor-top-column elementor-element elementor-element-65cb1a0\" data-id=\"65cb1a0\" data-element_type=\"column\" data-e-type=\"column\">\n\t\t\t<div class=\"elementor-widget-wrap elementor-element-populated\">\n\t\t\t\t\t\t<div class=\"elementor-element elementor-element-c55fed6 elementor-widget elementor-widget-text-editor\" data-id=\"c55fed6\" data-element_type=\"widget\" data-e-type=\"widget\" data-widget_type=\"text-editor.default\">\n\t\t\t\t<div class=\"elementor-widget-container\">\n\t\t\t\t\t\t\t\t\t<p>Depuis le d\u00e9but du mois d\u2019ao\u00fbt, 130 cas ou foyers d\u2019influenza aviaire ont \u00e9t\u00e9 d\u00e9tect\u00e9s dans la faune sauvage ou dans des \u00e9levages en Europe notamment au bord de la mer du Nord et de la mer Baltique, dont trois foyers dans des \u00e9levages allemands. Dans le m\u00eame temps, la claustration de tous les \u00e9levages professionnels a \u00e9t\u00e9 d\u00e9cid\u00e9e aux Pays-Bas \u00e0 la suite de la d\u00e9tection d\u2019un foyer dans un \u00e9levage de poules pondeuses. En Italie, six foyers ont \u00e9t\u00e9 d\u00e9tect\u00e9s dans des \u00e9levages de dindes de chair dans la r\u00e9gion de V\u00e9rone depuis le 19 octobre.<\/p><p>Dans ce contexte et \u00e0 l\u2019approche de la p\u00e9riode migratoire \u00e0 risque, la France est en situation de forte vigilance. 3 basses-cours contamin\u00e9es sont recens\u00e9es dans les d\u00e9partements des Ardennes et de l\u2019Aisne. Une premi\u00e8re \u00e9l\u00e9vation du niveau de risque est intervenue le 10 septembre dernier conduisant \u00e0 la mise en place d\u2019un ensemble de mesures renforc\u00e9es de bios\u00e9curit\u00e9 dans les communes class\u00e9es \u00e0 risque (zones \u00e0 risque prioritaire et zones \u00e0 risque de diffusion).\u00a0<\/p>\t\t\t\t\t\t\t\t<\/div>\n\t\t\t\t<\/div>\n\t\t\t\t\t<\/div>\n\t\t<\/div>\n\t\t\t\t\t<\/div>\n\t\t<\/section>\n\t\t\t\t<section class=\"elementor-section elementor-top-section elementor-element elementor-element-318c852 elementor-section-boxed elementor-section-height-default elementor-section-height-default\" data-id=\"318c852\" data-element_type=\"section\" data-e-type=\"section\">\n\t\t\t\t\t\t<div class=\"elementor-container elementor-column-gap-default\">\n\t\t\t\t\t<div class=\"elementor-column elementor-col-100 elementor-top-column elementor-element elementor-element-cc68a27\" data-id=\"cc68a27\" data-element_type=\"column\" data-e-type=\"column\">\n\t\t\t<div class=\"elementor-widget-wrap elementor-element-populated\">\n\t\t\t\t\t\t<div class=\"elementor-element elementor-element-6d1dbb2 elementor-widget elementor-widget-text-editor\" data-id=\"6d1dbb2\" data-element_type=\"widget\" data-e-type=\"widget\" data-widget_type=\"text-editor.default\">\n\t\t\t\t<div class=\"elementor-widget-container\">\n\t\t\t\t\t\t\t\t\t<p>L\u2019acc\u00e9l\u00e9ration de l\u2019\u00e9pizootie en Europe am\u00e8ne \u00e0 un passage au niveau de risque \u00ab <strong><span style=\"text-decoration: underline;\">\u00e9lev\u00e9<\/span> <\/strong>\u00bb avec l\u2019application des mesures de pr\u00e9vention suivantes sur l\u2019ensemble du territoire m\u00e9tropolitain :<\/p><ul><li>mise \u00e0 l\u2019abri des volailles des \u00e9levages commerciaux et la claustration ou mise sous filet des basses-cours ;<\/li><li>interdiction de l\u2019organisation de rassemblements et de la participation des volailles originaires des territoires concern\u00e9s ;<\/li><li>conditions renforc\u00e9es pour le transport, l\u2019introduction dans le milieu naturel de gibiers \u00e0 plumes et l\u2019utilisation d&rsquo;appelants ;<\/li><li>interdiction des comp\u00e9titions de pigeons voyageurs au d\u00e9part ou \u00e0 l&rsquo;arriv\u00e9e de la France jusqu\u2019au 31 mars ;\u00a0<\/li><li>vaccination obligatoire dans les zoos pour les oiseaux ne pouvant \u00eatre confin\u00e9s ou prot\u00e9g\u00e9s sous filet.<\/li><\/ul>\t\t\t\t\t\t\t\t<\/div>\n\t\t\t\t<\/div>\n\t\t\t\t\t<\/div>\n\t\t<\/div>\n\t\t\t\t\t<\/div>\n\t\t<\/section>\n\t\t\t\t<\/div>\n\t\t","protected":false},"excerpt":{"rendered":"<p>La France passe au niveau de risque \u00ab \u00e9lev\u00e9 \u00bb sur le territoire hexagonal et renforce la gouvernance de crise face \u00e0 la progression du virus en Europe Depuis le d\u00e9but du mois d\u2019ao\u00fbt,&#46;&#46;&#46;<\/p>\n","protected":false},"author":2,"featured_media":4735,"comment_status":"open","ping_status":"open","sticky":false,"template":"","format":"standard","meta":{"footnotes":""},"categories":[1],"tags":[],"class_list":["post-4727","post","type-post","status-publish","format-standard","has-post-thumbnail","hentry","category-vie-commune"],"_links":{"self":[{"href":"https:\/\/anctovillesurboscq.fr\/index.php?rest_route=\/wp\/v2\/posts\/4727"}],"collection":[{"href":"https:\/\/anctovillesurboscq.fr\/index.php?rest_route=\/wp\/v2\/posts"}],"about":[{"href":"https:\/\/anctovillesurboscq.fr\/index.php?rest_route=\/wp\/v2\/types\/post"}],"author":[{"embeddable":true,"href":"https:\/\/anctovillesurboscq.fr\/index.php?rest_route=\/wp\/v2\/users\/2"}],"replies":[{"embeddable":true,"href":"https:\/\/anctovillesurboscq.fr\/index.php?rest_route=%2Fwp%2Fv2%2Fcomments&post=4727"}],"version-history":[{"count":0,"href":"https:\/\/anctovillesurboscq.fr\/index.php?rest_route=\/wp\/v2\/posts\/4727\/revisions"}],"wp:featuredmedia":[{"embeddable":true,"href":"https:\/\/anctovillesurboscq.fr\/index.php?rest_route=\/wp\/v2\/media\/4735"}],"wp:attachment":[{"href":"https:\/\/anctovillesurboscq.fr\/index.php?rest_route=%2Fwp%2Fv2%2Fmedia&parent=4727"}],"wp:term":[{"taxonomy":"category","embeddable":true,"href":"https:\/\/anctovillesurboscq.fr\/index.php?rest_route=%2Fwp%2Fv2%2Fcategories&post=4727"},{"taxonomy":"post_tag","embeddable":true,"href":"https:\/\/anctovillesurboscq.fr\/index.php?rest_route=%2Fwp%2Fv2%2Ftags&post=4727"}],"curies":[{"name":"wp","href":"https:\/\/api.w.org\/{rel}","templated":true}]}}