{"id":4227,"date":"2021-07-16T10:31:41","date_gmt":"2021-07-16T08:31:41","guid":{"rendered":"https:\/\/anctovillesurboscq.fr\/?p=4227"},"modified":"2021-07-16T10:51:41","modified_gmt":"2021-07-16T08:51:41","slug":"tendons-la-main-a-nos-aines","status":"publish","type":"post","link":"https:\/\/anctovillesurboscq.fr\/?p=4227","title":{"rendered":"Tendons la main \u00e0 nos a\u00een\u00e9s"},"content":{"rendered":"\t\t<div data-elementor-type=\"wp-post\" data-elementor-id=\"4227\" class=\"elementor elementor-4227\">\n\t\t\t\t\t\t<section class=\"elementor-section elementor-top-section elementor-element elementor-element-9048c6f elementor-section-boxed elementor-section-height-default elementor-section-height-default\" data-id=\"9048c6f\" data-element_type=\"section\" data-e-type=\"section\">\n\t\t\t\t\t\t<div class=\"elementor-container elementor-column-gap-default\">\n\t\t\t\t\t<div class=\"elementor-column elementor-col-100 elementor-top-column elementor-element elementor-element-259658f\" data-id=\"259658f\" data-element_type=\"column\" data-e-type=\"column\">\n\t\t\t<div class=\"elementor-widget-wrap elementor-element-populated\">\n\t\t\t\t\t\t<div class=\"elementor-element elementor-element-3806bd1 elementor-widget elementor-widget-heading\" data-id=\"3806bd1\" data-element_type=\"widget\" data-e-type=\"widget\" data-widget_type=\"heading.default\">\n\t\t\t\t<div class=\"elementor-widget-container\">\n\t\t\t\t\t<span class=\"elementor-heading-title elementor-size-default\">Sur votre territoire, pr\u00e8s d'un habitant sur trois a plus de 60 ans. Pr\u00e9venir la perte d'autonomie des personnes \u00e2g\u00e9es est donc un enjeu important, qui mobilise d\u00e9j\u00e0 de nombreux intervenants. Pourquoi pas vous ?<\/span>\t\t\t\t<\/div>\n\t\t\t\t<\/div>\n\t\t\t\t\t<\/div>\n\t\t<\/div>\n\t\t\t\t\t<\/div>\n\t\t<\/section>\n\t\t\t\t<section class=\"elementor-section elementor-top-section elementor-element elementor-element-58c5aa8 elementor-section-boxed elementor-section-height-default elementor-section-height-default\" data-id=\"58c5aa8\" data-element_type=\"section\" data-e-type=\"section\">\n\t\t\t\t\t\t<div class=\"elementor-container elementor-column-gap-default\">\n\t\t\t\t\t<div class=\"elementor-column elementor-col-100 elementor-top-column elementor-element elementor-element-c5ed934\" data-id=\"c5ed934\" data-element_type=\"column\" data-e-type=\"column\">\n\t\t\t<div class=\"elementor-widget-wrap elementor-element-populated\">\n\t\t\t\t\t\t<div class=\"elementor-element elementor-element-2b24a96 elementor-widget elementor-widget-text-editor\" data-id=\"2b24a96\" data-element_type=\"widget\" data-e-type=\"widget\" data-widget_type=\"text-editor.default\">\n\t\t\t\t<div class=\"elementor-widget-container\">\n\t\t\t\t\t\t\t\t\t<p>Pour interpeller et r\u00e9unir les bonnes volont\u00e9s, une campagne de sensibilisation vient de commencer, \u00e0 travers des personnages tristement r\u00e9alistes :<\/p><ul><li>Suzanne, qui n\u2019a que son chien \u00e0 qui parler et tente de retenir le facteur\u00a0<\/li><li>Andr\u00e9, qui confie son \u00e9puisement \u00e0 un ami pendant que sa femme Marie, atteinte d\u2019Alzheimer, met le feu dans la pi\u00e8ce d\u2019\u00e0 c\u00f4t\u00e9\u00a0<\/li><li>Jean, Bernadette, Jacqueline et Michel, confront\u00e9s aux difficult\u00e9s du quotidien : num\u00e9rique, motricit\u00e9, sant\u00e9, arnaques&#8230;<\/li><\/ul><p>Ces personnages sont mis en sc\u00e8ne dans la vid\u00e9o, r\u00e9alis\u00e9e par Roux Films, que vous pouvez d\u00e9couvrir ci-dessous.<\/p><p>Mais ils seront \u00e9galement pr\u00e9sents dans tout le processus de r\u00e9flexion autour de la charte des a\u00een\u00e9s. Inspir\u00e9s de situations v\u00e9cues, ils incarnent les diff\u00e9rents visages d\u2019une souffrance bien r\u00e9elle.<\/p><p>Mais d\u2019une souffrance qu\u2019on peut pr\u00e9venir ou adoucir.<\/p><p>C\u2019est l\u00e0 tout le sens de la charte des a\u00een\u00e9s.<\/p>\t\t\t\t\t\t\t\t<\/div>\n\t\t\t\t<\/div>\n\t\t\t\t\t<\/div>\n\t\t<\/div>\n\t\t\t\t\t<\/div>\n\t\t<\/section>\n\t\t\t\t<section class=\"elementor-section elementor-top-section elementor-element elementor-element-89de417 elementor-section-boxed elementor-section-height-default elementor-section-height-default\" data-id=\"89de417\" data-element_type=\"section\" data-e-type=\"section\">\n\t\t\t\t\t\t<div class=\"elementor-container elementor-column-gap-default\">\n\t\t\t\t\t<div class=\"elementor-column elementor-col-100 elementor-top-column elementor-element elementor-element-6e81e75\" data-id=\"6e81e75\" data-element_type=\"column\" data-e-type=\"column\">\n\t\t\t<div class=\"elementor-widget-wrap elementor-element-populated\">\n\t\t\t\t\t\t<div class=\"elementor-element elementor-element-96634c0 elementor-widget elementor-widget-video\" data-id=\"96634c0\" data-element_type=\"widget\" data-e-type=\"widget\" data-settings=\"{&quot;youtube_url&quot;:&quot;https:\\\/\\\/youtu.be\\\/jyjx-SbdK_E&quot;,&quot;video_type&quot;:&quot;youtube&quot;,&quot;controls&quot;:&quot;yes&quot;}\" data-widget_type=\"video.default\">\n\t\t\t\t<div class=\"elementor-widget-container\">\n\t\t\t\t\t\t\t<div class=\"elementor-wrapper elementor-open-inline\">\n\t\t\t<div class=\"elementor-video\"><\/div>\t\t<\/div>\n\t\t\t\t\t\t<\/div>\n\t\t\t\t<\/div>\n\t\t\t\t\t<\/div>\n\t\t<\/div>\n\t\t\t\t\t<\/div>\n\t\t<\/section>\n\t\t\t\t<section class=\"elementor-section elementor-top-section elementor-element elementor-element-da28350 elementor-section-boxed elementor-section-height-default elementor-section-height-default\" data-id=\"da28350\" data-element_type=\"section\" data-e-type=\"section\">\n\t\t\t\t\t\t<div class=\"elementor-container elementor-column-gap-default\">\n\t\t\t\t\t<div class=\"elementor-column elementor-col-100 elementor-top-column elementor-element elementor-element-e9f1292\" data-id=\"e9f1292\" data-element_type=\"column\" data-e-type=\"column\">\n\t\t\t<div class=\"elementor-widget-wrap elementor-element-populated\">\n\t\t\t\t\t\t<div class=\"elementor-element elementor-element-782cd09 elementor-widget elementor-widget-heading\" data-id=\"782cd09\" data-element_type=\"widget\" data-e-type=\"widget\" data-widget_type=\"heading.default\">\n\t\t\t\t<div class=\"elementor-widget-container\">\n\t\t\t\t\t<h4 class=\"elementor-heading-title elementor-size-default\">R\u00e9fl\u00e9chissons ensemble<\/h4>\t\t\t\t<\/div>\n\t\t\t\t<\/div>\n\t\t\t\t\t<\/div>\n\t\t<\/div>\n\t\t\t\t\t<\/div>\n\t\t<\/section>\n\t\t\t\t<section class=\"elementor-section elementor-top-section elementor-element elementor-element-d7b6848 elementor-section-boxed elementor-section-height-default elementor-section-height-default\" data-id=\"d7b6848\" data-element_type=\"section\" data-e-type=\"section\">\n\t\t\t\t\t\t<div class=\"elementor-container elementor-column-gap-default\">\n\t\t\t\t\t<div class=\"elementor-column elementor-col-100 elementor-top-column elementor-element elementor-element-396d4b2\" data-id=\"396d4b2\" data-element_type=\"column\" data-e-type=\"column\">\n\t\t\t<div class=\"elementor-widget-wrap elementor-element-populated\">\n\t\t\t\t\t\t<div class=\"elementor-element elementor-element-e896dc0 elementor-widget elementor-widget-text-editor\" data-id=\"e896dc0\" data-element_type=\"widget\" data-e-type=\"widget\" data-widget_type=\"text-editor.default\">\n\t\t\t\t<div class=\"elementor-widget-container\">\n\t\t\t\t\t\t\t\t\t<p>Cette d\u00e9marche partenariale devra grandir de l\u2019int\u00e9rieur. Car ce sont ceux qui vivent au plus pr\u00e8s des r\u00e9alit\u00e9s li\u00e9es au vieillissement qui portent en eux les solutions.<\/p><p>En s\u2019appuyant sur le t\u00e9moignage des maires, des professionnels, des b\u00e9n\u00e9voles associatifs et des a\u00een\u00e9s eux-m\u00eames, un diagnostic a mis au jour, sans surprise, les difficult\u00e9s \u00e0 agir contre la solitude, \u00e0 offrir des temps de r\u00e9pit aux aidants et \u00e0 b\u00e2tir des actions de pr\u00e9vention. D\u00e8s lors, pour proposer, choisir, puis mener des actions appropri\u00e9es, l\u00e0 o\u00f9 les besoins se font le plus sentir, toutes les personnes volontaires sont invit\u00e9es \u00e0 s\u2019inscrire \u00e0 des ateliers th\u00e9matiques programm\u00e9s au p\u00f4le de proximit\u00e9 de Br\u00e9hal :<\/p><ul><li>\u00ab\u00a0Agir contre la solitude de Suzanne\u00a0\u00bb : vendredi 8 octobre \u00e0 10h30<\/li><li>\u00ab\u00a0Offrir des temps de r\u00e9pit pour Andr\u00e9 et Marie\u00a0\u00bb : lundi 11 octobre \u00e0 14h00<\/li><li>\u00ab\u00a0B\u00e2tir des actions de pr\u00e9vention pour r\u00e9pondre \u00e0 Jean, Bernadette, Jacqueline et Michel\u00a0\u00bb : vendredi 15 octobre \u00e0 10h30<\/li><\/ul><p>Aidez-nous \u00e0 les aider ! Vous souhaitez participer \u00e0 la r\u00e9flexion, devenir b\u00e9n\u00e9vole ?<\/p><p><a href=\"https:\/\/docs.google.com\/forms\/d\/e\/1FAIpQLSciqhKJNXHOBjbx6QxWb4SemXw-_nCWO0awfyMpg9yISOpySg\/viewform\" target=\"_blank\" rel=\"noopener\">Inscrivez-vous ICI !<\/a><\/p>\t\t\t\t\t\t\t\t<\/div>\n\t\t\t\t<\/div>\n\t\t\t\t\t<\/div>\n\t\t<\/div>\n\t\t\t\t\t<\/div>\n\t\t<\/section>\n\t\t\t\t<section class=\"elementor-section elementor-top-section elementor-element elementor-element-83e9bb5 elementor-section-boxed elementor-section-height-default elementor-section-height-default\" data-id=\"83e9bb5\" data-element_type=\"section\" data-e-type=\"section\">\n\t\t\t\t\t\t<div class=\"elementor-container elementor-column-gap-default\">\n\t\t\t\t\t<div class=\"elementor-column elementor-col-100 elementor-top-column elementor-element elementor-element-f512461\" data-id=\"f512461\" data-element_type=\"column\" data-e-type=\"column\">\n\t\t\t<div class=\"elementor-widget-wrap elementor-element-populated\">\n\t\t\t\t\t\t<div class=\"elementor-element elementor-element-981eabd elementor-widget elementor-widget-text-editor\" data-id=\"981eabd\" data-element_type=\"widget\" data-e-type=\"widget\" data-widget_type=\"text-editor.default\">\n\t\t\t\t<div class=\"elementor-widget-container\">\n\t\t\t\t\t\t\t\t\t<p>Contact :<\/p><p>e.loslier@granville-terre-mer.fr<\/p><p>02.33.91.38.60<\/p>\t\t\t\t\t\t\t\t<\/div>\n\t\t\t\t<\/div>\n\t\t\t\t\t<\/div>\n\t\t<\/div>\n\t\t\t\t\t<\/div>\n\t\t<\/section>\n\t\t\t\t<\/div>\n\t\t","protected":false},"excerpt":{"rendered":"<p>Sur votre territoire, pr\u00e8s d&rsquo;un habitant sur trois a plus de 60 ans. Pr\u00e9venir la perte d&rsquo;autonomie des personnes \u00e2g\u00e9es est donc un enjeu important, qui mobilise d\u00e9j\u00e0 de nombreux intervenants. Pourquoi pas vous&#46;&#46;&#46;<\/p>\n","protected":false},"author":2,"featured_media":4235,"comment_status":"open","ping_status":"open","sticky":false,"template":"","format":"standard","meta":{"footnotes":""},"categories":[1],"tags":[],"class_list":["post-4227","post","type-post","status-publish","format-standard","has-post-thumbnail","hentry","category-vie-commune"],"_links":{"self":[{"href":"https:\/\/anctovillesurboscq.fr\/index.php?rest_route=\/wp\/v2\/posts\/4227"}],"collection":[{"href":"https:\/\/anctovillesurboscq.fr\/index.php?rest_route=\/wp\/v2\/posts"}],"about":[{"href":"https:\/\/anctovillesurboscq.fr\/index.php?rest_route=\/wp\/v2\/types\/post"}],"author":[{"embeddable":true,"href":"https:\/\/anctovillesurboscq.fr\/index.php?rest_route=\/wp\/v2\/users\/2"}],"replies":[{"embeddable":true,"href":"https:\/\/anctovillesurboscq.fr\/index.php?rest_route=%2Fwp%2Fv2%2Fcomments&post=4227"}],"version-history":[{"count":0,"href":"https:\/\/anctovillesurboscq.fr\/index.php?rest_route=\/wp\/v2\/posts\/4227\/revisions"}],"wp:featuredmedia":[{"embeddable":true,"href":"https:\/\/anctovillesurboscq.fr\/index.php?rest_route=\/wp\/v2\/media\/4235"}],"wp:attachment":[{"href":"https:\/\/anctovillesurboscq.fr\/index.php?rest_route=%2Fwp%2Fv2%2Fmedia&parent=4227"}],"wp:term":[{"taxonomy":"category","embeddable":true,"href":"https:\/\/anctovillesurboscq.fr\/index.php?rest_route=%2Fwp%2Fv2%2Fcategories&post=4227"},{"taxonomy":"post_tag","embeddable":true,"href":"https:\/\/anctovillesurboscq.fr\/index.php?rest_route=%2Fwp%2Fv2%2Ftags&post=4227"}],"curies":[{"name":"wp","href":"https:\/\/api.w.org\/{rel}","templated":true}]}}