{"id":3785,"date":"2021-04-30T10:07:34","date_gmt":"2021-04-30T08:07:34","guid":{"rendered":"https:\/\/anctovillesurboscq.fr\/?p=3785"},"modified":"2021-04-30T10:10:47","modified_gmt":"2021-04-30T08:10:47","slug":"deconfinement-en-4-etapes","status":"publish","type":"post","link":"https:\/\/anctovillesurboscq.fr\/?p=3785","title":{"rendered":"D\u00e9confinement en 4 \u00e9tapes"},"content":{"rendered":"\t\t<div data-elementor-type=\"wp-post\" data-elementor-id=\"3785\" class=\"elementor elementor-3785\">\n\t\t\t\t\t\t<section class=\"elementor-section elementor-top-section elementor-element elementor-element-95dcea0 elementor-section-boxed elementor-section-height-default elementor-section-height-default\" data-id=\"95dcea0\" data-element_type=\"section\" data-e-type=\"section\">\n\t\t\t\t\t\t<div class=\"elementor-container elementor-column-gap-default\">\n\t\t\t\t\t<div class=\"elementor-column elementor-col-100 elementor-top-column elementor-element elementor-element-42dfe14\" data-id=\"42dfe14\" data-element_type=\"column\" data-e-type=\"column\">\n\t\t\t<div class=\"elementor-widget-wrap elementor-element-populated\">\n\t\t\t\t\t\t<div class=\"elementor-element elementor-element-f053b84 elementor-widget elementor-widget-text-editor\" data-id=\"f053b84\" data-element_type=\"widget\" data-e-type=\"widget\" data-widget_type=\"text-editor.default\">\n\t\t\t\t<div class=\"elementor-widget-container\">\n\t\t\t\t\t\t\t\t\t<p>Le pr\u00e9sident de la R\u00e9publique Emmanuel Macron a annonc\u00e9 un d\u00e9confinement en quatre \u00e9tapes progressives, du 3 mai au 30 juin, conditionn\u00e9es \u00e0 la situation sanitaire dans chaque d\u00e9partement.<\/p>\t\t\t\t\t\t\t\t<\/div>\n\t\t\t\t<\/div>\n\t\t\t\t\t<\/div>\n\t\t<\/div>\n\t\t\t\t\t<\/div>\n\t\t<\/section>\n\t\t\t\t<section class=\"elementor-section elementor-top-section elementor-element elementor-element-b36a620 elementor-section-boxed elementor-section-height-default elementor-section-height-default\" data-id=\"b36a620\" data-element_type=\"section\" data-e-type=\"section\">\n\t\t\t\t\t\t<div class=\"elementor-container elementor-column-gap-default\">\n\t\t\t\t\t<div class=\"elementor-column elementor-col-100 elementor-top-column elementor-element elementor-element-4652320\" data-id=\"4652320\" data-element_type=\"column\" data-e-type=\"column\">\n\t\t\t<div class=\"elementor-widget-wrap elementor-element-populated\">\n\t\t\t\t\t\t<div class=\"elementor-element elementor-element-c5daa66 elementor-widget elementor-widget-text-editor\" data-id=\"c5daa66\" data-element_type=\"widget\" data-e-type=\"widget\" data-widget_type=\"text-editor.default\">\n\t\t\t\t<div class=\"elementor-widget-container\">\n\t\t\t\t\t\t\t\t\t<p><span style=\"text-decoration: underline;\">Premi\u00e8re \u00e9tape<\/span> : 3 mai 2021<br \/>Fin des attestations et des restrictions de d\u00e9placement.<\/p><p><br \/><span style=\"text-decoration: underline;\">Deuxi\u00e8me \u00e9tape<\/span> : 19 mai 2021<br \/>Couvre-feu repouss\u00e9 \u00e0 21h et r\u00e9ouverture des commerces, terrasses, mus\u00e9es, salles de cin\u00e9mas et th\u00e9\u00e2tres avec des jauges limit\u00e9es.\u00a0<\/p><p><br \/><span style=\"text-decoration: underline;\">Troisi\u00e8me \u00e9tape<\/span> : 9 juin 2021<br \/>Couvre-feu \u00e0 23h et r\u00e9ouverture des caf\u00e9s et restaurants en int\u00e9rieur et des salles de sport.<br \/>Assouplissement du t\u00e9l\u00e9travail, en concertation avec les partenaires sociaux au niveau des entreprises.<\/p><p><br \/><span style=\"text-decoration: underline;\">Quatri\u00e8me \u00e9tape<\/span> : 30 juin 2021<br \/>Fin du couvre-feu.<\/p>\t\t\t\t\t\t\t\t<\/div>\n\t\t\t\t<\/div>\n\t\t\t\t\t<\/div>\n\t\t<\/div>\n\t\t\t\t\t<\/div>\n\t\t<\/section>\n\t\t\t\t<section class=\"elementor-section elementor-top-section elementor-element elementor-element-622f63c elementor-section-boxed elementor-section-height-default elementor-section-height-default\" data-id=\"622f63c\" data-element_type=\"section\" data-e-type=\"section\">\n\t\t\t\t\t\t<div class=\"elementor-container elementor-column-gap-default\">\n\t\t\t\t\t<div class=\"elementor-column elementor-col-100 elementor-top-column elementor-element elementor-element-fefa90b\" data-id=\"fefa90b\" data-element_type=\"column\" data-e-type=\"column\">\n\t\t\t<div class=\"elementor-widget-wrap elementor-element-populated\">\n\t\t\t\t\t\t<div class=\"elementor-element elementor-element-d40c969 elementor-invisible elementor-widget elementor-widget-text-editor\" data-id=\"d40c969\" data-element_type=\"widget\" data-e-type=\"widget\" data-settings=\"{&quot;_animation&quot;:&quot;fadeInRight&quot;}\" data-widget_type=\"text-editor.default\">\n\t\t\t\t<div class=\"elementor-widget-container\">\n\t\t\t\t\t\t\t\t\t<p>Ces mesures nationales pourront \u00eatre temp\u00e9r\u00e9es par des\u00a0\u00ab freins d\u2019urgence \u00bb dans les territoires o\u00f9 le virus circule trop\u00a0:<\/p><ul><li>taux d\u2019incidence sup\u00e9rieur \u00e0 400 infections pour 100 000 habitants ;<\/li><li>augmentation brutale du taux ;<\/li><li>risque de saturation des services de r\u00e9animation<\/li><\/ul>\t\t\t\t\t\t\t\t<\/div>\n\t\t\t\t<\/div>\n\t\t\t\t\t<\/div>\n\t\t<\/div>\n\t\t\t\t\t<\/div>\n\t\t<\/section>\n\t\t\t\t<\/div>\n\t\t","protected":false},"excerpt":{"rendered":"<p>Le pr\u00e9sident de la R\u00e9publique Emmanuel Macron a annonc\u00e9 un d\u00e9confinement en quatre \u00e9tapes progressives, du 3 mai au 30 juin, conditionn\u00e9es \u00e0 la situation sanitaire dans chaque d\u00e9partement. Premi\u00e8re \u00e9tape : 3 mai&#46;&#46;&#46;<\/p>\n","protected":false},"author":2,"featured_media":3783,"comment_status":"open","ping_status":"open","sticky":false,"template":"","format":"standard","meta":{"footnotes":""},"categories":[1],"tags":[],"class_list":["post-3785","post","type-post","status-publish","format-standard","has-post-thumbnail","hentry","category-vie-commune"],"_links":{"self":[{"href":"https:\/\/anctovillesurboscq.fr\/index.php?rest_route=\/wp\/v2\/posts\/3785"}],"collection":[{"href":"https:\/\/anctovillesurboscq.fr\/index.php?rest_route=\/wp\/v2\/posts"}],"about":[{"href":"https:\/\/anctovillesurboscq.fr\/index.php?rest_route=\/wp\/v2\/types\/post"}],"author":[{"embeddable":true,"href":"https:\/\/anctovillesurboscq.fr\/index.php?rest_route=\/wp\/v2\/users\/2"}],"replies":[{"embeddable":true,"href":"https:\/\/anctovillesurboscq.fr\/index.php?rest_route=%2Fwp%2Fv2%2Fcomments&post=3785"}],"version-history":[{"count":0,"href":"https:\/\/anctovillesurboscq.fr\/index.php?rest_route=\/wp\/v2\/posts\/3785\/revisions"}],"wp:featuredmedia":[{"embeddable":true,"href":"https:\/\/anctovillesurboscq.fr\/index.php?rest_route=\/wp\/v2\/media\/3783"}],"wp:attachment":[{"href":"https:\/\/anctovillesurboscq.fr\/index.php?rest_route=%2Fwp%2Fv2%2Fmedia&parent=3785"}],"wp:term":[{"taxonomy":"category","embeddable":true,"href":"https:\/\/anctovillesurboscq.fr\/index.php?rest_route=%2Fwp%2Fv2%2Fcategories&post=3785"},{"taxonomy":"post_tag","embeddable":true,"href":"https:\/\/anctovillesurboscq.fr\/index.php?rest_route=%2Fwp%2Fv2%2Ftags&post=3785"}],"curies":[{"name":"wp","href":"https:\/\/api.w.org\/{rel}","templated":true}]}}