{"id":3594,"date":"2021-04-01T14:28:28","date_gmt":"2021-04-01T12:28:28","guid":{"rendered":"https:\/\/anctovillesurboscq.fr\/?p=3594"},"modified":"2021-04-02T11:56:37","modified_gmt":"2021-04-02T09:56:37","slug":"nouvelles-mesures-gouvernementales","status":"publish","type":"post","link":"https:\/\/anctovillesurboscq.fr\/?p=3594","title":{"rendered":"Nouvelles mesures gouvernementales"},"content":{"rendered":"\t\t<div data-elementor-type=\"wp-post\" data-elementor-id=\"3594\" class=\"elementor elementor-3594\">\n\t\t\t\t\t\t<section class=\"elementor-section elementor-top-section elementor-element elementor-element-72db49c elementor-section-boxed elementor-section-height-default elementor-section-height-default\" data-id=\"72db49c\" data-element_type=\"section\" data-e-type=\"section\">\n\t\t\t\t\t\t<div class=\"elementor-container elementor-column-gap-default\">\n\t\t\t\t\t<div class=\"elementor-column elementor-col-100 elementor-top-column elementor-element elementor-element-384be35\" data-id=\"384be35\" data-element_type=\"column\" data-e-type=\"column\">\n\t\t\t<div class=\"elementor-widget-wrap elementor-element-populated\">\n\t\t\t\t\t\t<div class=\"elementor-element elementor-element-b9380de elementor-widget elementor-widget-text-editor\" data-id=\"b9380de\" data-element_type=\"widget\" data-e-type=\"widget\" data-widget_type=\"text-editor.default\">\n\t\t\t\t<div class=\"elementor-widget-container\">\n\t\t\t\t\t\t\t\t\t<p>Les\u00a0restrictions actuellement en vigueur dans 19 d\u00e9partements sont \u00e9tendues \u00e0 tout le territoire m\u00e9tropolitain, d\u00e8s le samedi 3 avril, 19h, et pour une dur\u00e9e de 4 semaines, soit :<\/p><ul><li>pas de d\u00e9placement en journ\u00e9e au-del\u00e0 de 10 km sauf motif imp\u00e9rieux ou professionnel (sur pr\u00e9sentation de l\u2019attestation) apr\u00e8s la fin du week-end de P\u00e2ques ;<\/li><li>le couvre-feu reste en vigueur \u00e0 19h sur tout le territoire m\u00e9tropolitain.<\/li><\/ul><p>Concernant le couvre-feu, il s&rsquo;applique \u00e0 l&rsquo;ensemble du territoire national entre 19h le soir et 6h du matin avec une obligation de pr\u00e9senter une attestation d\u00e9rogatoire au couvre-feu lors des d\u00e9placements.\u00a0<\/p><ul><li>Les sorties et d\u00e9placements sans attestations d\u00e9rogatoires sont interdits de 19h00 \u00e0 06h00, sous peine d\u2019une amende de 135 \u20ac et jusqu\u2019\u00e0 3750 \u20ac en cas de r\u00e9cidive ;<\/li><li>les \u00e9tablissements autoris\u00e9s \u00e0 ouvrir ne pourront plus accueillir de public apr\u00e8s 19h00.\u00a0<\/li><\/ul>\t\t\t\t\t\t\t\t<\/div>\n\t\t\t\t<\/div>\n\t\t\t\t\t<\/div>\n\t\t<\/div>\n\t\t\t\t\t<\/div>\n\t\t<\/section>\n\t\t\t\t<section class=\"elementor-section elementor-top-section elementor-element elementor-element-ce4c96b elementor-section-boxed elementor-section-height-default elementor-section-height-default\" data-id=\"ce4c96b\" data-element_type=\"section\" data-e-type=\"section\">\n\t\t\t\t\t\t<div class=\"elementor-container elementor-column-gap-default\">\n\t\t\t\t\t<div class=\"elementor-column elementor-col-100 elementor-top-column elementor-element elementor-element-67adf1a\" data-id=\"67adf1a\" data-element_type=\"column\" data-e-type=\"column\">\n\t\t\t<div class=\"elementor-widget-wrap elementor-element-populated\">\n\t\t\t\t\t\t<div class=\"elementor-element elementor-element-1f09916 elementor-widget elementor-widget-text-editor\" data-id=\"1f09916\" data-element_type=\"widget\" data-e-type=\"widget\" data-widget_type=\"text-editor.default\">\n\t\t\t\t<div class=\"elementor-widget-container\">\n\t\t\t\t\t\t\t\t\t<p>Concernant les \u00e9coles :\u00a0<\/p><ul><li><span style=\"text-decoration: underline;\">semaine du 5 avril<\/span> : semaine de cours \u00e0 la maison, pour tous les \u00e9coliers de la maternelle au lyc\u00e9e ;<\/li><li><span style=\"text-decoration: underline;\">semaine du 12 avril<\/span> : d\u00e9but des vacances de printemps pour 2 semaines, quelle que soit la zone acad\u00e9mique ;<\/li><li><span style=\"text-decoration: underline;\">semaine du 26 avril<\/span> : rentr\u00e9e scolaire, avec retour en pr\u00e9sentiel pour les maternelles\/primaires et cours \u00e0 distance pour les coll\u00e8ges\/lyc\u00e9es ;<\/li><li><span style=\"text-decoration: underline;\">semaine du 3 mai<\/span> : retour en classe pour les coll\u00e8ges\/lyc\u00e9es.<\/li><\/ul>\t\t\t\t\t\t\t\t<\/div>\n\t\t\t\t<\/div>\n\t\t\t\t\t<\/div>\n\t\t<\/div>\n\t\t\t\t\t<\/div>\n\t\t<\/section>\n\t\t\t\t<section class=\"elementor-section elementor-top-section elementor-element elementor-element-bd03723 elementor-section-boxed elementor-section-height-default elementor-section-height-default\" data-id=\"bd03723\" data-element_type=\"section\" data-e-type=\"section\">\n\t\t\t\t\t\t<div class=\"elementor-container elementor-column-gap-default\">\n\t\t\t\t\t<div class=\"elementor-column elementor-col-100 elementor-top-column elementor-element elementor-element-6642563\" data-id=\"6642563\" data-element_type=\"column\" data-e-type=\"column\">\n\t\t\t<div class=\"elementor-widget-wrap elementor-element-populated\">\n\t\t\t\t\t\t<div class=\"elementor-element elementor-element-edfcd46 elementor-widget elementor-widget-image\" data-id=\"edfcd46\" data-element_type=\"widget\" data-e-type=\"widget\" data-widget_type=\"image.default\">\n\t\t\t\t<div class=\"elementor-widget-container\">\n\t\t\t\t\t\t\t\t\t\t\t\t\t\t\t<img fetchpriority=\"high\" decoding=\"async\" width=\"476\" height=\"258\" src=\"https:\/\/anctovillesurboscq.fr\/wp-content\/uploads\/2021\/04\/enseignement-distance.png\" class=\"attachment-large size-large wp-image-3596\" alt=\"\" srcset=\"https:\/\/anctovillesurboscq.fr\/wp-content\/uploads\/2021\/04\/enseignement-distance.png 476w, https:\/\/anctovillesurboscq.fr\/wp-content\/uploads\/2021\/04\/enseignement-distance-300x163.png 300w\" sizes=\"(max-width: 476px) 100vw, 476px\" \/>\t\t\t\t\t\t\t\t\t\t\t\t\t\t\t<\/div>\n\t\t\t\t<\/div>\n\t\t\t\t\t<\/div>\n\t\t<\/div>\n\t\t\t\t\t<\/div>\n\t\t<\/section>\n\t\t\t\t<section class=\"elementor-section elementor-top-section elementor-element elementor-element-df42496 elementor-section-boxed elementor-section-height-default elementor-section-height-default\" data-id=\"df42496\" data-element_type=\"section\" data-e-type=\"section\">\n\t\t\t\t\t\t<div class=\"elementor-container elementor-column-gap-default\">\n\t\t\t\t\t<div class=\"elementor-column elementor-col-100 elementor-top-column elementor-element elementor-element-03788bb\" data-id=\"03788bb\" data-element_type=\"column\" data-e-type=\"column\">\n\t\t\t<div class=\"elementor-widget-wrap elementor-element-populated\">\n\t\t\t\t\t\t<div class=\"elementor-element elementor-element-fbc2ae4 elementor-align-center elementor-invisible elementor-widget elementor-widget-button\" data-id=\"fbc2ae4\" data-element_type=\"widget\" data-e-type=\"widget\" data-settings=\"{&quot;_animation&quot;:&quot;fadeInLeft&quot;}\" data-widget_type=\"button.default\">\n\t\t\t\t<div class=\"elementor-widget-container\">\n\t\t\t\t\t\t\t\t\t<div class=\"elementor-button-wrapper\">\n\t\t\t\t\t<a class=\"elementor-button elementor-button-link elementor-size-sm\" href=\"https:\/\/media.interieur.gouv.fr\/attestation-deplacement-derogatoire-covid-19\/\" target=\"_blank\">\n\t\t\t\t\t\t<span class=\"elementor-button-content-wrapper\">\n\t\t\t\t\t\t\t\t\t<span class=\"elementor-button-text\">ATTESTATION EN LIGNE<\/span>\n\t\t\t\t\t<\/span>\n\t\t\t\t\t<\/a>\n\t\t\t\t<\/div>\n\t\t\t\t\t\t\t\t<\/div>\n\t\t\t\t<\/div>\n\t\t\t\t\t<\/div>\n\t\t<\/div>\n\t\t\t\t\t<\/div>\n\t\t<\/section>\n\t\t\t\t<\/div>\n\t\t","protected":false},"excerpt":{"rendered":"<p>Les\u00a0restrictions actuellement en vigueur dans 19 d\u00e9partements sont \u00e9tendues \u00e0 tout le territoire m\u00e9tropolitain, d\u00e8s le samedi 3 avril, 19h, et pour une dur\u00e9e de 4 semaines, soit : pas de d\u00e9placement en journ\u00e9e&#46;&#46;&#46;<\/p>\n","protected":false},"author":2,"featured_media":2503,"comment_status":"open","ping_status":"open","sticky":false,"template":"","format":"standard","meta":{"footnotes":""},"categories":[1],"tags":[],"class_list":["post-3594","post","type-post","status-publish","format-standard","has-post-thumbnail","hentry","category-vie-commune"],"_links":{"self":[{"href":"https:\/\/anctovillesurboscq.fr\/index.php?rest_route=\/wp\/v2\/posts\/3594"}],"collection":[{"href":"https:\/\/anctovillesurboscq.fr\/index.php?rest_route=\/wp\/v2\/posts"}],"about":[{"href":"https:\/\/anctovillesurboscq.fr\/index.php?rest_route=\/wp\/v2\/types\/post"}],"author":[{"embeddable":true,"href":"https:\/\/anctovillesurboscq.fr\/index.php?rest_route=\/wp\/v2\/users\/2"}],"replies":[{"embeddable":true,"href":"https:\/\/anctovillesurboscq.fr\/index.php?rest_route=%2Fwp%2Fv2%2Fcomments&post=3594"}],"version-history":[{"count":0,"href":"https:\/\/anctovillesurboscq.fr\/index.php?rest_route=\/wp\/v2\/posts\/3594\/revisions"}],"wp:featuredmedia":[{"embeddable":true,"href":"https:\/\/anctovillesurboscq.fr\/index.php?rest_route=\/wp\/v2\/media\/2503"}],"wp:attachment":[{"href":"https:\/\/anctovillesurboscq.fr\/index.php?rest_route=%2Fwp%2Fv2%2Fmedia&parent=3594"}],"wp:term":[{"taxonomy":"category","embeddable":true,"href":"https:\/\/anctovillesurboscq.fr\/index.php?rest_route=%2Fwp%2Fv2%2Fcategories&post=3594"},{"taxonomy":"post_tag","embeddable":true,"href":"https:\/\/anctovillesurboscq.fr\/index.php?rest_route=%2Fwp%2Fv2%2Ftags&post=3594"}],"curies":[{"name":"wp","href":"https:\/\/api.w.org\/{rel}","templated":true}]}}