{"id":3427,"date":"2021-02-15T12:07:36","date_gmt":"2021-02-15T11:07:36","guid":{"rendered":"https:\/\/anctovillesurboscq.fr\/?p=3427"},"modified":"2021-02-15T12:14:26","modified_gmt":"2021-02-15T11:14:26","slug":"prolongation-de-lobligation-du-port-du-masque-2","status":"publish","type":"post","link":"https:\/\/anctovillesurboscq.fr\/?p=3427","title":{"rendered":"Prolongation de l&rsquo;obligation du port du masque"},"content":{"rendered":"\t\t<div data-elementor-type=\"wp-post\" data-elementor-id=\"3427\" class=\"elementor elementor-3427\">\n\t\t\t\t\t\t<section class=\"elementor-section elementor-top-section elementor-element elementor-element-5e422d4 elementor-section-boxed elementor-section-height-default elementor-section-height-default\" data-id=\"5e422d4\" data-element_type=\"section\" data-e-type=\"section\">\n\t\t\t\t\t\t<div class=\"elementor-container elementor-column-gap-default\">\n\t\t\t\t\t<div class=\"elementor-column elementor-col-100 elementor-top-column elementor-element elementor-element-04ee530\" data-id=\"04ee530\" data-element_type=\"column\" data-e-type=\"column\">\n\t\t\t<div class=\"elementor-widget-wrap elementor-element-populated\">\n\t\t\t\t\t\t<div class=\"elementor-element elementor-element-5e4eca0 elementor-widget elementor-widget-heading\" data-id=\"5e4eca0\" data-element_type=\"widget\" data-e-type=\"widget\" data-widget_type=\"heading.default\">\n\t\t\t\t<div class=\"elementor-widget-container\">\n\t\t\t\t\t<h2 class=\"elementor-heading-title elementor-size-default\">L\u2019obligation du port du masque dans le d\u00e9partement de la Manche est prolong\u00e9e jusqu\u2019au 31 mars 2021.<\/h2>\t\t\t\t<\/div>\n\t\t\t\t<\/div>\n\t\t\t\t\t<\/div>\n\t\t<\/div>\n\t\t\t\t\t<\/div>\n\t\t<\/section>\n\t\t\t\t<section class=\"elementor-section elementor-top-section elementor-element elementor-element-b18e6ba elementor-section-boxed elementor-section-height-default elementor-section-height-default\" data-id=\"b18e6ba\" data-element_type=\"section\" data-e-type=\"section\">\n\t\t\t\t\t\t<div class=\"elementor-container elementor-column-gap-default\">\n\t\t\t\t\t<div class=\"elementor-column elementor-col-100 elementor-top-column elementor-element elementor-element-21694a4\" data-id=\"21694a4\" data-element_type=\"column\" data-e-type=\"column\">\n\t\t\t<div class=\"elementor-widget-wrap elementor-element-populated\">\n\t\t\t\t\t\t<div class=\"elementor-element elementor-element-b433a64 elementor-widget elementor-widget-text-editor\" data-id=\"b433a64\" data-element_type=\"widget\" data-e-type=\"widget\" data-widget_type=\"text-editor.default\">\n\t\t\t\t<div class=\"elementor-widget-container\">\n\t\t\t\t\t\t\t\t\t<p>Pour rappel, toute personne de onze ans ou plus doit porter un masque de protection lorsqu\u2019elle se trouve sur la voie publique, dans l\u2019espace public et dans les \u00e9tablissements autoris\u00e9s \u00e0 recevoir du public.<\/p><p>Plusieurs espaces sont par ailleurs exclus de cette obligation :<\/p><ul><li>les espaces publics des bois, for\u00eats, prairies, chemins ruraux et forestiers ;<\/li><li>les plages, \u00e0 partir de la zone de galets jusqu\u2019\u00e0 l\u2019estran.<\/li><\/ul><p>L\u2019obligation du port du masque ne s\u2019applique pas :<\/p><ul><li>aux personnes en situation de handicap munies d\u2019un certificat m\u00e9dical justifiant de cette situation ;<\/li><li>aux personnes pratiquant une activit\u00e9 physique (v\u00e9lo, course \u00e0 pied\u2026) ;<\/li><li>aux conducteurs de v\u00e9hicule de deux roues motoris\u00e9s, ayant l\u2019obligation de porter un casque.<\/li><\/ul>\t\t\t\t\t\t\t\t<\/div>\n\t\t\t\t<\/div>\n\t\t\t\t\t<\/div>\n\t\t<\/div>\n\t\t\t\t\t<\/div>\n\t\t<\/section>\n\t\t\t\t<section class=\"elementor-section elementor-top-section elementor-element elementor-element-8fda9fa elementor-section-boxed elementor-section-height-default elementor-section-height-default\" data-id=\"8fda9fa\" data-element_type=\"section\" data-e-type=\"section\">\n\t\t\t\t\t\t<div class=\"elementor-container elementor-column-gap-default\">\n\t\t\t\t\t<div class=\"elementor-column elementor-col-100 elementor-top-column elementor-element elementor-element-ac1a4ef\" data-id=\"ac1a4ef\" data-element_type=\"column\" data-e-type=\"column\">\n\t\t\t<div class=\"elementor-widget-wrap elementor-element-populated\">\n\t\t\t\t\t\t<div class=\"elementor-element elementor-element-fd86b7b elementor-align-center elementor-widget elementor-widget-button\" data-id=\"fd86b7b\" data-element_type=\"widget\" data-e-type=\"widget\" data-widget_type=\"button.default\">\n\t\t\t\t<div class=\"elementor-widget-container\">\n\t\t\t\t\t\t\t\t\t<div class=\"elementor-button-wrapper\">\n\t\t\t\t\t<a class=\"elementor-button elementor-button-link elementor-size-sm\" href=\"https:\/\/anctovillesurboscq.fr\/wp-content\/uploads\/2021\/02\/2021-009-du-15-f\u00e9v-21-arr\u00eat\u00e9-prolongation-port-du-masque.pdf\" target=\"_blank\">\n\t\t\t\t\t\t<span class=\"elementor-button-content-wrapper\">\n\t\t\t\t\t\t\t\t\t<span class=\"elementor-button-text\">Arr\u00eat\u00e9 prolongation obligation port du masque jusqu'au 31 mars 2021<\/span>\n\t\t\t\t\t<\/span>\n\t\t\t\t\t<\/a>\n\t\t\t\t<\/div>\n\t\t\t\t\t\t\t\t<\/div>\n\t\t\t\t<\/div>\n\t\t\t\t\t<\/div>\n\t\t<\/div>\n\t\t\t\t\t<\/div>\n\t\t<\/section>\n\t\t\t\t<\/div>\n\t\t","protected":false},"excerpt":{"rendered":"<p>L\u2019obligation du port du masque dans le d\u00e9partement de la Manche est prolong\u00e9e jusqu\u2019au 31 mars 2021. Pour rappel, toute personne de onze ans ou plus doit porter un masque de protection lorsqu\u2019elle se&#46;&#46;&#46;<\/p>\n","protected":false},"author":2,"featured_media":2908,"comment_status":"open","ping_status":"open","sticky":false,"template":"","format":"standard","meta":{"footnotes":""},"categories":[1],"tags":[],"class_list":["post-3427","post","type-post","status-publish","format-standard","has-post-thumbnail","hentry","category-vie-commune"],"_links":{"self":[{"href":"https:\/\/anctovillesurboscq.fr\/index.php?rest_route=\/wp\/v2\/posts\/3427"}],"collection":[{"href":"https:\/\/anctovillesurboscq.fr\/index.php?rest_route=\/wp\/v2\/posts"}],"about":[{"href":"https:\/\/anctovillesurboscq.fr\/index.php?rest_route=\/wp\/v2\/types\/post"}],"author":[{"embeddable":true,"href":"https:\/\/anctovillesurboscq.fr\/index.php?rest_route=\/wp\/v2\/users\/2"}],"replies":[{"embeddable":true,"href":"https:\/\/anctovillesurboscq.fr\/index.php?rest_route=%2Fwp%2Fv2%2Fcomments&post=3427"}],"version-history":[{"count":0,"href":"https:\/\/anctovillesurboscq.fr\/index.php?rest_route=\/wp\/v2\/posts\/3427\/revisions"}],"wp:featuredmedia":[{"embeddable":true,"href":"https:\/\/anctovillesurboscq.fr\/index.php?rest_route=\/wp\/v2\/media\/2908"}],"wp:attachment":[{"href":"https:\/\/anctovillesurboscq.fr\/index.php?rest_route=%2Fwp%2Fv2%2Fmedia&parent=3427"}],"wp:term":[{"taxonomy":"category","embeddable":true,"href":"https:\/\/anctovillesurboscq.fr\/index.php?rest_route=%2Fwp%2Fv2%2Fcategories&post=3427"},{"taxonomy":"post_tag","embeddable":true,"href":"https:\/\/anctovillesurboscq.fr\/index.php?rest_route=%2Fwp%2Fv2%2Ftags&post=3427"}],"curies":[{"name":"wp","href":"https:\/\/api.w.org\/{rel}","templated":true}]}}