{"id":2969,"date":"2020-10-28T16:02:56","date_gmt":"2020-10-28T15:02:56","guid":{"rendered":"https:\/\/anctovillesurboscq.fr\/?p=2969"},"modified":"2020-10-28T16:11:07","modified_gmt":"2020-10-28T15:11:07","slug":"le-textile","status":"publish","type":"post","link":"https:\/\/anctovillesurboscq.fr\/?p=2969","title":{"rendered":"Le textile"},"content":{"rendered":"\t\t<div data-elementor-type=\"wp-post\" data-elementor-id=\"2969\" class=\"elementor elementor-2969\">\n\t\t\t\t\t\t<section class=\"elementor-section elementor-top-section elementor-element elementor-element-71fe527 elementor-section-boxed elementor-section-height-default elementor-section-height-default\" data-id=\"71fe527\" data-element_type=\"section\" data-e-type=\"section\">\n\t\t\t\t\t\t<div class=\"elementor-container elementor-column-gap-default\">\n\t\t\t\t\t<div class=\"elementor-column elementor-col-100 elementor-top-column elementor-element elementor-element-108020e\" data-id=\"108020e\" data-element_type=\"column\" data-e-type=\"column\">\n\t\t\t<div class=\"elementor-widget-wrap elementor-element-populated\">\n\t\t\t\t\t\t<div class=\"elementor-element elementor-element-4238f04 elementor-widget elementor-widget-text-editor\" data-id=\"4238f04\" data-element_type=\"widget\" data-e-type=\"widget\" data-widget_type=\"text-editor.default\">\n\t\t\t\t<div class=\"elementor-widget-container\">\n\t\t\t\t\t\t\t\t\t<p>Le textile ne doit pas finir \u00e0 la poubelle. D\u00e9pos\u00e9s dans les bornes pr\u00e9vues \u00e0 cet effet, v\u00eatements, chaussures et maroquinerie seront collect\u00e9s, tri\u00e9s et conna\u00eetront une seconde vie. M\u00eame trou\u00e9s ou d\u00e9chir\u00e9s, n\u2019h\u00e9sitez pas, ils seront recycl\u00e9s en isolants, chiffons\u2026<\/p><p>Attention, le textile souill\u00e9 (peinture, graisse, humidit\u00e9) ne doit pas \u00eatre mis dans les bornes mais dans la poubelle ordures m\u00e9nag\u00e8res.<\/p><p>Vous pouvez trouver des bornes de r\u00e9cup\u00e9ration sur les d\u00e9ch\u00e8teries de Granville ou de Montviron mais \u00e9galement sur de nombreux points situ\u00e9s \u00e0 divers endroits du territoire.<\/p><p>Pour plus de renseignements sur le tri des textiles ou sur la localisation des points d\u2019apport, rendez-vous sur <a href=\"https:\/\/www.refashion.fr\/\" target=\"_blank\" rel=\"noopener\">www.refashion.fr<\/a>.<\/p>\t\t\t\t\t\t\t\t<\/div>\n\t\t\t\t<\/div>\n\t\t\t\t\t<\/div>\n\t\t<\/div>\n\t\t\t\t\t<\/div>\n\t\t<\/section>\n\t\t\t\t<section class=\"elementor-section elementor-top-section elementor-element elementor-element-346ab1c elementor-section-boxed elementor-section-height-default elementor-section-height-default\" data-id=\"346ab1c\" data-element_type=\"section\" data-e-type=\"section\">\n\t\t\t\t\t\t<div class=\"elementor-container elementor-column-gap-default\">\n\t\t\t\t\t<div class=\"elementor-column elementor-col-100 elementor-top-column elementor-element elementor-element-2468de3\" data-id=\"2468de3\" data-element_type=\"column\" data-e-type=\"column\">\n\t\t\t<div class=\"elementor-widget-wrap elementor-element-populated\">\n\t\t\t\t\t\t<div class=\"elementor-element elementor-element-7d20dcd elementor-align-center elementor-widget elementor-widget-button\" data-id=\"7d20dcd\" data-element_type=\"widget\" data-e-type=\"widget\" data-widget_type=\"button.default\">\n\t\t\t\t<div class=\"elementor-widget-container\">\n\t\t\t\t\t\t\t\t\t<div class=\"elementor-button-wrapper\">\n\t\t\t\t\t<a class=\"elementor-button elementor-button-link elementor-size-sm\" href=\"https:\/\/anctovillesurboscq.fr\/wp-content\/uploads\/2020\/10\/QUOI-METTRE-DANS-LA-BORNE.pdf\" target=\"_blank\">\n\t\t\t\t\t\t<span class=\"elementor-button-content-wrapper\">\n\t\t\t\t\t\t\t\t\t<span class=\"elementor-button-text\">Je mets quoi dans les bornes pour le textile ?<\/span>\n\t\t\t\t\t<\/span>\n\t\t\t\t\t<\/a>\n\t\t\t\t<\/div>\n\t\t\t\t\t\t\t\t<\/div>\n\t\t\t\t<\/div>\n\t\t\t\t\t<\/div>\n\t\t<\/div>\n\t\t\t\t\t<\/div>\n\t\t<\/section>\n\t\t\t\t<section class=\"elementor-section elementor-top-section elementor-element elementor-element-ea35a17 elementor-section-boxed elementor-section-height-default elementor-section-height-default\" data-id=\"ea35a17\" data-element_type=\"section\" data-e-type=\"section\">\n\t\t\t\t\t\t<div class=\"elementor-container elementor-column-gap-default\">\n\t\t\t\t\t<div class=\"elementor-column elementor-col-100 elementor-top-column elementor-element elementor-element-3023d93\" data-id=\"3023d93\" data-element_type=\"column\" data-e-type=\"column\">\n\t\t\t<div class=\"elementor-widget-wrap elementor-element-populated\">\n\t\t\t\t\t\t<div class=\"elementor-element elementor-element-75ac7b5 elementor-widget elementor-widget-image\" data-id=\"75ac7b5\" data-element_type=\"widget\" data-e-type=\"widget\" data-widget_type=\"image.default\">\n\t\t\t\t<div class=\"elementor-widget-container\">\n\t\t\t\t\t\t\t\t\t\t\t\t\t\t\t<img fetchpriority=\"high\" decoding=\"async\" width=\"1024\" height=\"608\" src=\"https:\/\/anctovillesurboscq.fr\/wp-content\/uploads\/2020\/10\/quoi-dans-la-borne.jpg\" class=\"attachment-large size-large wp-image-2972\" alt=\"\" srcset=\"https:\/\/anctovillesurboscq.fr\/wp-content\/uploads\/2020\/10\/quoi-dans-la-borne.jpg 1024w, https:\/\/anctovillesurboscq.fr\/wp-content\/uploads\/2020\/10\/quoi-dans-la-borne-300x178.jpg 300w, https:\/\/anctovillesurboscq.fr\/wp-content\/uploads\/2020\/10\/quoi-dans-la-borne-768x456.jpg 768w\" sizes=\"(max-width: 1024px) 100vw, 1024px\" \/>\t\t\t\t\t\t\t\t\t\t\t\t\t\t\t<\/div>\n\t\t\t\t<\/div>\n\t\t\t\t\t<\/div>\n\t\t<\/div>\n\t\t\t\t\t<\/div>\n\t\t<\/section>\n\t\t\t\t<\/div>\n\t\t","protected":false},"excerpt":{"rendered":"<p>Le textile ne doit pas finir \u00e0 la poubelle. D\u00e9pos\u00e9s dans les bornes pr\u00e9vues \u00e0 cet effet, v\u00eatements, chaussures et maroquinerie seront collect\u00e9s, tri\u00e9s et conna\u00eetront une seconde vie. M\u00eame trou\u00e9s ou d\u00e9chir\u00e9s, n\u2019h\u00e9sitez&#46;&#46;&#46;<\/p>\n","protected":false},"author":2,"featured_media":2977,"comment_status":"open","ping_status":"open","sticky":false,"template":"","format":"standard","meta":{"footnotes":""},"categories":[1],"tags":[],"class_list":["post-2969","post","type-post","status-publish","format-standard","has-post-thumbnail","hentry","category-vie-commune"],"_links":{"self":[{"href":"https:\/\/anctovillesurboscq.fr\/index.php?rest_route=\/wp\/v2\/posts\/2969"}],"collection":[{"href":"https:\/\/anctovillesurboscq.fr\/index.php?rest_route=\/wp\/v2\/posts"}],"about":[{"href":"https:\/\/anctovillesurboscq.fr\/index.php?rest_route=\/wp\/v2\/types\/post"}],"author":[{"embeddable":true,"href":"https:\/\/anctovillesurboscq.fr\/index.php?rest_route=\/wp\/v2\/users\/2"}],"replies":[{"embeddable":true,"href":"https:\/\/anctovillesurboscq.fr\/index.php?rest_route=%2Fwp%2Fv2%2Fcomments&post=2969"}],"version-history":[{"count":0,"href":"https:\/\/anctovillesurboscq.fr\/index.php?rest_route=\/wp\/v2\/posts\/2969\/revisions"}],"wp:featuredmedia":[{"embeddable":true,"href":"https:\/\/anctovillesurboscq.fr\/index.php?rest_route=\/wp\/v2\/media\/2977"}],"wp:attachment":[{"href":"https:\/\/anctovillesurboscq.fr\/index.php?rest_route=%2Fwp%2Fv2%2Fmedia&parent=2969"}],"wp:term":[{"taxonomy":"category","embeddable":true,"href":"https:\/\/anctovillesurboscq.fr\/index.php?rest_route=%2Fwp%2Fv2%2Fcategories&post=2969"},{"taxonomy":"post_tag","embeddable":true,"href":"https:\/\/anctovillesurboscq.fr\/index.php?rest_route=%2Fwp%2Fv2%2Ftags&post=2969"}],"curies":[{"name":"wp","href":"https:\/\/api.w.org\/{rel}","templated":true}]}}