{"id":2280,"date":"2019-12-11T18:44:39","date_gmt":"2019-12-11T17:44:39","guid":{"rendered":"https:\/\/anctovillesurboscq.fr\/?p=2280"},"modified":"2019-12-11T18:44:40","modified_gmt":"2019-12-11T17:44:40","slug":"location-de-velos-a-assistance-electrique-vae","status":"publish","type":"post","link":"https:\/\/anctovillesurboscq.fr\/?p=2280","title":{"rendered":"Location de v\u00e9los \u00e0 assistance \u00e9lectrique (VAE)"},"content":{"rendered":"\n<p>Granville Terre &amp; Mer met en place un service de location de v\u00e9los \u00e0 assistance \u00e9lectrique \u00e0 destination des habitants du territoire (actifs en priorit\u00e9) d\u00e8s janvier 2020.<\/p>\n\n\n\n<div class=\"wp-block-image\"><figure class=\"aligncenter size-large\"><img decoding=\"async\" width=\"487\" height=\"85\" src=\"https:\/\/anctovillesurboscq.fr\/wp-content\/uploads\/2019\/12\/venez-les-tester.jpg\" alt=\"\" class=\"wp-image-2281\" srcset=\"https:\/\/anctovillesurboscq.fr\/wp-content\/uploads\/2019\/12\/venez-les-tester.jpg 487w, https:\/\/anctovillesurboscq.fr\/wp-content\/uploads\/2019\/12\/venez-les-tester-300x52.jpg 300w\" sizes=\"(max-width: 487px) 100vw, 487px\" \/><\/figure><\/div>\n\n\n\n<p>\u00c0 cette occasion, venez les tester avant de les louer !<\/p>\n\n\n\n<ul class=\"wp-block-list\"><li><strong>Vendredi 13 d\u00e9cembre 2019<\/strong><\/li><li><strong>de 12 h \u00e0 15 h<\/strong><\/li><li><strong>au stade Louis Dior, \u00e0 Granville<\/strong><\/li><\/ul>\n\n\n\n<p>Renseignements et modalit\u00e9s :\u00a0 06 66 15 65 80\u00a0 \/\u00a0 lesgrandesroues@gmail.com<\/p>\n\n\n\n<p>Plus d&rsquo;informations <a href=\"https:\/\/anctovillesurboscq.fr\/wp-content\/uploads\/2019\/12\/Gtm_Deplacements_VAE.pdf\" target=\"_blank\" rel=\"noreferrer noopener\" aria-label=\"ici (s\u2019ouvre dans un nouvel onglet)\">ici<\/a><\/p>\n","protected":false},"excerpt":{"rendered":"<p>Granville Terre &amp; Mer met en place un service de location de v\u00e9los \u00e0 assistance \u00e9lectrique \u00e0 destination des habitants du territoire (actifs en priorit\u00e9) d\u00e8s janvier 2020. \u00c0 cette occasion, venez les tester&#46;&#46;&#46;<\/p>\n","protected":false},"author":2,"featured_media":2283,"comment_status":"open","ping_status":"open","sticky":false,"template":"","format":"standard","meta":{"footnotes":""},"categories":[1],"tags":[],"class_list":["post-2280","post","type-post","status-publish","format-standard","has-post-thumbnail","hentry","category-vie-commune"],"_links":{"self":[{"href":"https:\/\/anctovillesurboscq.fr\/index.php?rest_route=\/wp\/v2\/posts\/2280"}],"collection":[{"href":"https:\/\/anctovillesurboscq.fr\/index.php?rest_route=\/wp\/v2\/posts"}],"about":[{"href":"https:\/\/anctovillesurboscq.fr\/index.php?rest_route=\/wp\/v2\/types\/post"}],"author":[{"embeddable":true,"href":"https:\/\/anctovillesurboscq.fr\/index.php?rest_route=\/wp\/v2\/users\/2"}],"replies":[{"embeddable":true,"href":"https:\/\/anctovillesurboscq.fr\/index.php?rest_route=%2Fwp%2Fv2%2Fcomments&post=2280"}],"version-history":[{"count":0,"href":"https:\/\/anctovillesurboscq.fr\/index.php?rest_route=\/wp\/v2\/posts\/2280\/revisions"}],"wp:featuredmedia":[{"embeddable":true,"href":"https:\/\/anctovillesurboscq.fr\/index.php?rest_route=\/wp\/v2\/media\/2283"}],"wp:attachment":[{"href":"https:\/\/anctovillesurboscq.fr\/index.php?rest_route=%2Fwp%2Fv2%2Fmedia&parent=2280"}],"wp:term":[{"taxonomy":"category","embeddable":true,"href":"https:\/\/anctovillesurboscq.fr\/index.php?rest_route=%2Fwp%2Fv2%2Fcategories&post=2280"},{"taxonomy":"post_tag","embeddable":true,"href":"https:\/\/anctovillesurboscq.fr\/index.php?rest_route=%2Fwp%2Fv2%2Ftags&post=2280"}],"curies":[{"name":"wp","href":"https:\/\/api.w.org\/{rel}","templated":true}]}}