{"id":2113,"date":"2023-06-16T16:36:17","date_gmt":"2023-06-16T14:36:17","guid":{"rendered":"https:\/\/anctovillesurboscq.fr\/?p=2113"},"modified":"2023-06-16T16:50:06","modified_gmt":"2023-06-16T14:50:06","slug":"plui","status":"publish","type":"post","link":"https:\/\/anctovillesurboscq.fr\/?p=2113","title":{"rendered":"Plan Local d&rsquo;Urbanisme Intercommunal (PLUi)"},"content":{"rendered":"\n<p>Suite \u00e0 la d\u00e9lib\u00e9ration 2019-75 de Granville Terre et Mer sur les modalit\u00e9s de concertation du public pour l\u2019\u00e9laboration du PLUI, un registre est accessible dans chaque mairie de la communaut\u00e9 de Communes pour que le public puisse d\u00e9poser ses observations et ses remarques. Ce cahier est accessible, \u00e0 tous, aux jours et horaires habituels d\u2019ouverture de la mairie, tout au long de la proc\u00e9dure d\u2019\u00e9laboration du PLUI.<\/p>\n\n\n\n<p>Plus d&rsquo;informations sur le PLUI <a href=\"http:\/\/www.granville-terre-mer.fr\/habitat-urbanisme\/urbanisme\/plan-local-d-urbanisme-intercommunal-plui.html\" target=\"_blank\" rel=\"noreferrer noopener\" aria-label=\"cliquer ici. (s\u2019ouvre dans un nouvel onglet)\">cliquer ici.<\/a><\/p>\n","protected":false},"excerpt":{"rendered":"<p>Suite \u00e0 la d\u00e9lib\u00e9ration 2019-75 de Granville Terre et Mer sur les modalit\u00e9s de concertation du public pour l\u2019\u00e9laboration du PLUI, un registre est accessible dans chaque mairie de la communaut\u00e9 de Communes pour&#46;&#46;&#46;<\/p>\n","protected":false},"author":2,"featured_media":2114,"comment_status":"open","ping_status":"open","sticky":false,"template":"","format":"standard","meta":{"footnotes":""},"categories":[1],"tags":[],"class_list":["post-2113","post","type-post","status-publish","format-standard","has-post-thumbnail","hentry","category-vie-commune"],"_links":{"self":[{"href":"https:\/\/anctovillesurboscq.fr\/index.php?rest_route=\/wp\/v2\/posts\/2113"}],"collection":[{"href":"https:\/\/anctovillesurboscq.fr\/index.php?rest_route=\/wp\/v2\/posts"}],"about":[{"href":"https:\/\/anctovillesurboscq.fr\/index.php?rest_route=\/wp\/v2\/types\/post"}],"author":[{"embeddable":true,"href":"https:\/\/anctovillesurboscq.fr\/index.php?rest_route=\/wp\/v2\/users\/2"}],"replies":[{"embeddable":true,"href":"https:\/\/anctovillesurboscq.fr\/index.php?rest_route=%2Fwp%2Fv2%2Fcomments&post=2113"}],"version-history":[{"count":0,"href":"https:\/\/anctovillesurboscq.fr\/index.php?rest_route=\/wp\/v2\/posts\/2113\/revisions"}],"wp:featuredmedia":[{"embeddable":true,"href":"https:\/\/anctovillesurboscq.fr\/index.php?rest_route=\/wp\/v2\/media\/2114"}],"wp:attachment":[{"href":"https:\/\/anctovillesurboscq.fr\/index.php?rest_route=%2Fwp%2Fv2%2Fmedia&parent=2113"}],"wp:term":[{"taxonomy":"category","embeddable":true,"href":"https:\/\/anctovillesurboscq.fr\/index.php?rest_route=%2Fwp%2Fv2%2Fcategories&post=2113"},{"taxonomy":"post_tag","embeddable":true,"href":"https:\/\/anctovillesurboscq.fr\/index.php?rest_route=%2Fwp%2Fv2%2Ftags&post=2113"}],"curies":[{"name":"wp","href":"https:\/\/api.w.org\/{rel}","templated":true}]}}