{"id":1801,"date":"2019-04-08T15:05:40","date_gmt":"2019-04-08T13:05:40","guid":{"rendered":"https:\/\/anctovillesurboscq.fr\/?p=1801"},"modified":"2019-04-08T15:45:41","modified_gmt":"2019-04-08T13:45:41","slug":"plan-local-durbanisme","status":"publish","type":"post","link":"https:\/\/anctovillesurboscq.fr\/?p=1801","title":{"rendered":"PLAN LOCAL D&rsquo;URBANISME"},"content":{"rendered":"\n<p>Le Conseil Municipal a donn\u00e9\nun avis de principe au dossier d\u2019approbation du Plan Local d\u2019Urbanisme (PLU) le\n13 mars 2019.<\/p>\n\n\n\n<p>Le Conseil Communautaire de Granville Terre et Mer (qui a la comp\u00e9tence \u00ab&nbsp;gestion et \u00e9laboration de document d\u2019urbanisme&nbsp;\u00bb) a approuv\u00e9 le PLU de la commune le 19 mars 2019. <\/p>\n\n\n\n<p>L\u2019ensemble des pi\u00e8ces du PLU de la commune est consultable et t\u00e9l\u00e9chargeable :<\/p>\n\n\n\n<ul class=\"wp-block-list\"><li><a rel=\"noreferrer noopener\" aria-label=\"Rapport de pr\u00e9sentation (s\u2019ouvre dans un nouvel onglet)\" href=\"https:\/\/anctovillesurboscq.fr\/wp-content\/uploads\/2019\/04\/RP_AnctovilleSurBoscq_APPRO.pdf\" target=\"_blank\">Rapport de pr\u00e9sentation<\/a><\/li><li><a rel=\"noreferrer noopener\" aria-label=\"Projet d'Am\u00e9nagement et de D\u00e9veloppement Durables (s\u2019ouvre dans un nouvel onglet)\" href=\"https:\/\/anctovillesurboscq.fr\/wp-content\/uploads\/2019\/04\/PADD_AnctovilleSurBoscq_APPRO.pdf\" target=\"_blank\">Projet d&rsquo;Am\u00e9nagement et de D\u00e9veloppement Durable<\/a><\/li><li><a rel=\"noreferrer noopener\" aria-label=\"Orientations d'Am\u00e9nagement et de Programmation (s\u2019ouvre dans un nouvel onglet)\" href=\"https:\/\/anctovillesurboscq.fr\/wp-content\/uploads\/2019\/04\/OAP_AnctovilleSurBoscq_APPRO.pdf\" target=\"_blank\">Orientations d&rsquo;Am\u00e9nagement et de Programmation<\/a><\/li><li> <a rel=\"noreferrer noopener\" href=\"https:\/\/anctovillesurboscq.fr\/wp-content\/uploads\/2019\/04\/RglmtEcrit_AnctovilleSurBoscq_APPRO.pdf\" target=\"_blank\">R\u00e8glement \u00e9crit<\/a> <\/li><li>R\u00e8glement graphique : <a rel=\"noreferrer noopener\" aria-label=\"Plan d'assemblage (s\u2019ouvre dans un nouvel onglet)\" href=\"https:\/\/anctovillesurboscq.fr\/wp-content\/uploads\/2019\/04\/4_2_1_PlanAssemblage_1.5000.pdf\" target=\"_blank\">Plan d&rsquo;assemblage<\/a> et <a rel=\"noreferrer noopener\" aria-label=\"Plan des risques (s\u2019ouvre dans un nouvel onglet)\" href=\"https:\/\/anctovillesurboscq.fr\/wp-content\/uploads\/2019\/04\/4_2_2_PlanRisques_1.5000.pdf\" target=\"_blank\">Plan des risques<\/a><\/li><li><a rel=\"noreferrer noopener\" aria-label=\" (s\u2019ouvre dans un nouvel onglet)\" href=\"https:\/\/anctovillesurboscq.fr\/wp-content\/uploads\/2019\/04\/5_1_AE_AnctovilleSurBoscq_APPRO.pdf\" target=\"_blank\">Annexes \u00e9crites<\/a><\/li><li><a rel=\"noreferrer noopener\" aria-label=\"Annexes \u00e9crites (s\u2019ouvre dans un nouvel onglet)\" href=\"https:\/\/anctovillesurboscq.fr\/wp-content\/uploads\/2019\/04\/5_2_AnnexesGraphiques_AnctovilleSurBoscq_APPRO.pdf\" target=\"_blank\">Annexes graphiques<\/a> dont <a rel=\"noreferrer noopener\" aria-label=\"Plan des servitudes d'utilit\u00e9 publiques (s\u2019ouvre dans un nouvel onglet)\" href=\"https:\/\/anctovillesurboscq.fr\/wp-content\/uploads\/2019\/04\/5_2_4_ServUtltPub_AnctovilleSurBoscq_APPRO.pdf\" target=\"_blank\">Plan des servitudes d&rsquo;utilit\u00e9 publique<\/a><\/li><\/ul>\n\n\n\n<p>Le dossier de PLU approuv\u00e9 est tenu \u00e0 la\ndisposition du public en mairie d\u2019Anctoville-sur-Boscq, et au p\u00f4le de proximit\u00e9\nde la communaut\u00e9 de communes Granville Terre et Mer, \u00e0 Br\u00e9hal, aux jours et\nheures d\u2019ouverture au public, ainsi qu\u2019\u00e0 la pr\u00e9fecture, conform\u00e9ment aux\narticles R.153-20 et suivants du code de l\u2019urbanisme<\/p>\n\n\n\n<p><\/p>\n","protected":false},"excerpt":{"rendered":"<p>Le Conseil Municipal a donn\u00e9 un avis de principe au dossier d\u2019approbation du Plan Local d\u2019Urbanisme (PLU) le 13 mars 2019. Le Conseil Communautaire de Granville Terre et Mer (qui a la comp\u00e9tence \u00ab&nbsp;gestion&#46;&#46;&#46;<\/p>\n","protected":false},"author":2,"featured_media":1814,"comment_status":"open","ping_status":"open","sticky":false,"template":"","format":"standard","meta":{"footnotes":""},"categories":[1],"tags":[],"class_list":["post-1801","post","type-post","status-publish","format-standard","has-post-thumbnail","hentry","category-vie-commune"],"_links":{"self":[{"href":"https:\/\/anctovillesurboscq.fr\/index.php?rest_route=\/wp\/v2\/posts\/1801"}],"collection":[{"href":"https:\/\/anctovillesurboscq.fr\/index.php?rest_route=\/wp\/v2\/posts"}],"about":[{"href":"https:\/\/anctovillesurboscq.fr\/index.php?rest_route=\/wp\/v2\/types\/post"}],"author":[{"embeddable":true,"href":"https:\/\/anctovillesurboscq.fr\/index.php?rest_route=\/wp\/v2\/users\/2"}],"replies":[{"embeddable":true,"href":"https:\/\/anctovillesurboscq.fr\/index.php?rest_route=%2Fwp%2Fv2%2Fcomments&post=1801"}],"version-history":[{"count":0,"href":"https:\/\/anctovillesurboscq.fr\/index.php?rest_route=\/wp\/v2\/posts\/1801\/revisions"}],"wp:featuredmedia":[{"embeddable":true,"href":"https:\/\/anctovillesurboscq.fr\/index.php?rest_route=\/wp\/v2\/media\/1814"}],"wp:attachment":[{"href":"https:\/\/anctovillesurboscq.fr\/index.php?rest_route=%2Fwp%2Fv2%2Fmedia&parent=1801"}],"wp:term":[{"taxonomy":"category","embeddable":true,"href":"https:\/\/anctovillesurboscq.fr\/index.php?rest_route=%2Fwp%2Fv2%2Fcategories&post=1801"},{"taxonomy":"post_tag","embeddable":true,"href":"https:\/\/anctovillesurboscq.fr\/index.php?rest_route=%2Fwp%2Fv2%2Ftags&post=1801"}],"curies":[{"name":"wp","href":"https:\/\/api.w.org\/{rel}","templated":true}]}}