{"id":1146,"date":"2018-09-19T17:38:24","date_gmt":"2018-09-19T15:38:24","guid":{"rendered":"http:\/\/anctovillesurboscq.fr\/?p=1146"},"modified":"2018-09-19T18:30:00","modified_gmt":"2018-09-19T16:30:00","slug":"la-bouffee-dair-du-repit-pour-les-aidants-et-les-aides","status":"publish","type":"post","link":"https:\/\/anctovillesurboscq.fr\/?p=1146","title":{"rendered":"La bouff\u00e9e d&rsquo;air : du r\u00e9pit pour les aidants et les aid\u00e9s"},"content":{"rendered":"<p>Atelier m\u00e9mo-gym : La m\u00e9moire en mouvement<\/p>\n<p>Anim\u00e9 par l&rsquo;association Siel Bleu<\/p>\n<p>Jeudi 27 septembre 2018 de 15h \u00e0 17h<\/p>\n<p>Le Logis d&rsquo;Equilly &#8211; 50320 Equilly<\/p>\n<p>Gratuit<\/p>\n<p>Besoin d\u2019\u00eatre v\u00e9hicul\u00e9 ? Que votre aid\u00e9 soit soutenu \u00e0 domicile ou lors de l\u2019animation propos\u00e9e ? Besoin de souffler, de vaquer \u00e0 vos occupations pendant que votre aid\u00e9 profite de ces 2 heures de convivialit\u00e9\u2026\u00a0Un accompagnement gratuit est peut \u00eatre possible !\u00a0Renseignez-vous au 07 71 17 86 79<\/p>\n<p>&nbsp;<\/p>\n<p><a href=\"http:\/\/anctovillesurboscq.fr\/wp-content\/uploads\/2018\/09\/2018-08-08_Clic_LaMemoireEnMouvement_A4-Affiche.pdf\" target=\"_blank\" rel=\"noopener\"><img fetchpriority=\"high\" decoding=\"async\" class=\"aligncenter size-medium wp-image-1142\" src=\"http:\/\/anctovillesurboscq.fr\/wp-content\/uploads\/2018\/09\/FLYERS-LA-BOUFFE-DAIR-211x300.jpg\" alt=\"\" width=\"211\" height=\"300\" srcset=\"https:\/\/anctovillesurboscq.fr\/wp-content\/uploads\/2018\/09\/FLYERS-LA-BOUFFE-DAIR-211x300.jpg 211w, https:\/\/anctovillesurboscq.fr\/wp-content\/uploads\/2018\/09\/FLYERS-LA-BOUFFE-DAIR.jpg 579w\" sizes=\"(max-width: 211px) 100vw, 211px\" \/><\/a><\/p>\n<p><a href=\"http:\/\/anctovillesurboscq.fr\/wp-content\/uploads\/2018\/09\/calendrier-des-actions-2018.pdf\" target=\"_blank\" rel=\"noopener\">Calendrier des actions sur le territoire Granville Terre et Mer et Villedieu Intercom<\/a><\/p>\n<p>&nbsp;<\/p>\n","protected":false},"excerpt":{"rendered":"<p>Atelier m\u00e9mo-gym : La m\u00e9moire en mouvement Anim\u00e9 par l&rsquo;association Siel Bleu Jeudi 27 septembre 2018 de 15h \u00e0 17h Le Logis d&rsquo;Equilly &#8211; 50320 Equilly Gratuit Besoin d\u2019\u00eatre v\u00e9hicul\u00e9 ? Que votre aid\u00e9&#46;&#46;&#46;<\/p>\n","protected":false},"author":2,"featured_media":1149,"comment_status":"open","ping_status":"open","sticky":false,"template":"","format":"standard","meta":{"footnotes":""},"categories":[1],"tags":[],"class_list":["post-1146","post","type-post","status-publish","format-standard","has-post-thumbnail","hentry","category-vie-commune"],"_links":{"self":[{"href":"https:\/\/anctovillesurboscq.fr\/index.php?rest_route=\/wp\/v2\/posts\/1146"}],"collection":[{"href":"https:\/\/anctovillesurboscq.fr\/index.php?rest_route=\/wp\/v2\/posts"}],"about":[{"href":"https:\/\/anctovillesurboscq.fr\/index.php?rest_route=\/wp\/v2\/types\/post"}],"author":[{"embeddable":true,"href":"https:\/\/anctovillesurboscq.fr\/index.php?rest_route=\/wp\/v2\/users\/2"}],"replies":[{"embeddable":true,"href":"https:\/\/anctovillesurboscq.fr\/index.php?rest_route=%2Fwp%2Fv2%2Fcomments&post=1146"}],"version-history":[{"count":0,"href":"https:\/\/anctovillesurboscq.fr\/index.php?rest_route=\/wp\/v2\/posts\/1146\/revisions"}],"wp:featuredmedia":[{"embeddable":true,"href":"https:\/\/anctovillesurboscq.fr\/index.php?rest_route=\/wp\/v2\/media\/1149"}],"wp:attachment":[{"href":"https:\/\/anctovillesurboscq.fr\/index.php?rest_route=%2Fwp%2Fv2%2Fmedia&parent=1146"}],"wp:term":[{"taxonomy":"category","embeddable":true,"href":"https:\/\/anctovillesurboscq.fr\/index.php?rest_route=%2Fwp%2Fv2%2Fcategories&post=1146"},{"taxonomy":"post_tag","embeddable":true,"href":"https:\/\/anctovillesurboscq.fr\/index.php?rest_route=%2Fwp%2Fv2%2Ftags&post=1146"}],"curies":[{"name":"wp","href":"https:\/\/api.w.org\/{rel}","templated":true}]}}